{"id":9826,"date":"2025-07-31T21:29:46","date_gmt":"2025-08-01T00:29:46","guid":{"rendered":"https:\/\/argentinatermal.com.ar\/?p=9826"},"modified":"2025-07-31T21:29:47","modified_gmt":"2025-08-01T00:29:47","slug":"entre-rios-pone-en-marcha-estudios-estrategicos-para-la-innovacion-del-termalismo","status":"publish","type":"post","link":"https:\/\/argentinatermal.com.ar\/?p=9826","title":{"rendered":"Entre R\u00edos pone en marcha estudios estrat\u00e9gicos para la innovaci\u00f3n del termalismo"},"content":{"rendered":"\n<p><strong><em>En el marco del Programa de Desarrollo e Integraci\u00f3n de la Regi\u00f3n de Salto Grande, se presentaron las primeras consultor\u00edas orientadas a mejorar la calidad, sostenibilidad y posicionamiento del producto termal. Las acciones, que iniciar\u00e1n en los centros termales de Col\u00f3n, Concordia y Federaci\u00f3n, buscan convertirse en un modelo replicable en toda la provincia.<\/em><\/strong><\/p>\n\n\n\n<p>La Secretar\u00eda de Turismo de Entre R\u00edos y la Unidad Ejecutora Provincial (UEP) presentaron este mi\u00e9rcoles a los referentes de centros termales dos de las tres consultor\u00edas que integran una iniciativa clave para el fortalecimiento del producto.\u00a0<\/p>\n\n\n<div class=\"wp-block-image\">\n<figure class=\"alignright size-full is-resized\"><a href=\"https:\/\/www.termatalia.com\/\" target=\"_blank\" rel=\" noreferrer noopener\"><img decoding=\"async\" width=\"873\" height=\"692\" src=\"https:\/\/argentinatermal.com.ar\/wp-content\/uploads\/2025\/07\/paquetesredes.jpeg\" alt=\"\" class=\"wp-image-9804\" style=\"width:228px;height:auto\" srcset=\"https:\/\/argentinatermal.com.ar\/wp-content\/uploads\/2025\/07\/paquetesredes.jpeg 873w, https:\/\/argentinatermal.com.ar\/wp-content\/uploads\/2025\/07\/paquetesredes-300x238.jpeg 300w, https:\/\/argentinatermal.com.ar\/wp-content\/uploads\/2025\/07\/paquetesredes-768x609.jpeg 768w, https:\/\/argentinatermal.com.ar\/wp-content\/uploads\/2025\/07\/paquetesredes-696x552.jpeg 696w, https:\/\/argentinatermal.com.ar\/wp-content\/uploads\/2025\/07\/paquetesredes-530x420.jpeg 530w, https:\/\/argentinatermal.com.ar\/wp-content\/uploads\/2025\/07\/paquetesredes-320x254.jpeg 320w, https:\/\/argentinatermal.com.ar\/wp-content\/uploads\/2025\/07\/paquetesredes-480x380.jpeg 480w, https:\/\/argentinatermal.com.ar\/wp-content\/uploads\/2025\/07\/paquetesredes-800x634.jpeg 800w\" sizes=\"(max-width: 873px) 100vw, 873px\" \/><\/a><figcaption class=\"wp-element-caption\"><em><sup><mark class=\"has-inline-color has-vivid-green-cyan-color\">Publicidad:<\/mark><\/sup><\/em><\/figcaption><\/figure>\n<\/div>\n\n\n<p>La acci\u00f3n se enmarca en el Programa de Desarrollo e Integraci\u00f3n de la Regi\u00f3n de Salto Grande, financiado por el Banco Interamericano de Desarrollo (BID), y tiene como objetivo mejorar la competitividad de la regi\u00f3n como destino tur\u00edstico.<\/p>\n\n\n\n<p>El secretario de Turismo de Entre R\u00edos, Jorge Satto, valor\u00f3 esta instancia como \u201cmuy necesaria\u201d y subray\u00f3 que \u201ca 30 a\u00f1os del desarrollo termal en Entre R\u00edos, que fue clave para romper la estacionalidad y potenciar nuestra oferta tur\u00edstica, llega en un momento justo la posibilidad de analizar en qu\u00e9 punto est\u00e1 nuestro producto y hacia d\u00f3nde va. Un diagn\u00f3stico es fundamental, pero m\u00e1s importante a\u00fan es determinar qu\u00e9 queremos hacia adelante y con qu\u00e9 herramientas contamos\u201d.<\/p>\n\n\n<div class=\"wp-block-image\">\n<figure class=\"alignleft size-large is-resized\"><a href=\"https:\/\/www.unrn.edu.ar\/eventos\/-2708\" target=\"_blank\" rel=\" noreferrer noopener\"><img decoding=\"async\" width=\"723\" height=\"1024\" src=\"https:\/\/argentinatermal.com.ar\/wp-content\/uploads\/2025\/07\/neua-723x1024.jpg\" alt=\"\" class=\"wp-image-9815\" style=\"width:172px;height:auto\" srcset=\"https:\/\/argentinatermal.com.ar\/wp-content\/uploads\/2025\/07\/neua-723x1024.jpg 723w, https:\/\/argentinatermal.com.ar\/wp-content\/uploads\/2025\/07\/neua-212x300.jpg 212w, https:\/\/argentinatermal.com.ar\/wp-content\/uploads\/2025\/07\/neua-768x1087.jpg 768w, https:\/\/argentinatermal.com.ar\/wp-content\/uploads\/2025\/07\/neua-696x985.jpg 696w, https:\/\/argentinatermal.com.ar\/wp-content\/uploads\/2025\/07\/neua-297x420.jpg 297w, https:\/\/argentinatermal.com.ar\/wp-content\/uploads\/2025\/07\/neua-320x453.jpg 320w, https:\/\/argentinatermal.com.ar\/wp-content\/uploads\/2025\/07\/neua-480x680.jpg 480w, https:\/\/argentinatermal.com.ar\/wp-content\/uploads\/2025\/07\/neua-800x1133.jpg 800w, https:\/\/argentinatermal.com.ar\/wp-content\/uploads\/2025\/07\/neua.jpg 904w\" sizes=\"(max-width: 723px) 100vw, 723px\" \/><\/a><figcaption class=\"wp-element-caption\"><em><sup><mark class=\"has-inline-color has-vivid-green-cyan-color\">Publicidad:<\/mark><\/sup><\/em><\/figcaption><\/figure>\n<\/div>\n\n\n<p>Durante la reuni\u00f3n, se dieron a conocer los alcances de los estudios de \u201cInnovaci\u00f3n y Calidad\u201d y de \u201cSostenibilidad\u201d, que estar\u00e1n a cargo de profesionales con reconocida trayectoria: la licenciada Teresita Van Stratte, especialista en turismo de salud y bienestar, y la ingeniera Claudia N\u00fa\u00f1ez, experta en dise\u00f1o, implementaci\u00f3n y evaluaci\u00f3n de sistemas de gesti\u00f3n sustentable.<\/p>\n\n\n\n<p>Estas acciones se complementar\u00e1n con una tercera consultor\u00eda vinculada al marketing comunicacional, que ser\u00e1 presentada pr\u00f3ximamente y tendr\u00e1 como prop\u00f3sito optimizar las estrategias de promoci\u00f3n y comercializaci\u00f3n de los centros termales, incluyendo el uso estrat\u00e9gico de certificaciones como sello distintivo de calidad.<\/p>\n\n\n\n<p>Desde la coordinaci\u00f3n t\u00e9cnica del proyecto, la asesora en Desarrollo de Gesti\u00f3n de la Secretar\u00eda de Turismo, Paula Dur\u00e1n, destac\u00f3 que se trata de \u201cuna oportunidad para generar la primera herramienta provincial de calidad tur\u00edstica en termalismo\u201d, en un contexto donde la desarticulaci\u00f3n del Sistema Argentino de Calidad Tur\u00edstica insta a que las provincias asuman un rol m\u00e1s activo. \u201cQueremos ofrecer al sector termal una herramienta de posicionamiento clara, que no s\u00f3lo certifique buenas pr\u00e1cticas sino que permita capitalizarlas como valor diferencial en el mercado\u201d, expres\u00f3.<\/p>\n\n\n\n<p>Los estudios se desarrollar\u00e1n durante los pr\u00f3ximos 6 meses en los complejos termales de los departamentos Col\u00f3n, Concordia y Federaci\u00f3n, en una experiencia piloto que aspira a extenderse al resto del territorio entrerriano. La implementaci\u00f3n combinar\u00e1 diagn\u00f3sticos, capacitaciones y asesoramiento profesional en l\u00ednea con la consolidaci\u00f3n y posicionamiento de Entre R\u00edos como Capital Nacional de los Circuitos Termales.<\/p>\n\n\n\n<figure class=\"wp-block-image size-full is-resized\"><a href=\"https:\/\/argentinatermal.com.ar\/wp-content\/uploads\/2024\/11\/Captura-web_8-11-2024_111525_www.entrerios.tur_.ar_.jpeg\"><img decoding=\"async\" width=\"426\" height=\"102\" src=\"https:\/\/argentinatermal.com.ar\/wp-content\/uploads\/2024\/11\/Captura-web_8-11-2024_111525_www.entrerios.tur_.ar_.jpeg\" alt=\"\" class=\"wp-image-8896\" style=\"width:342px;height:auto\" srcset=\"https:\/\/argentinatermal.com.ar\/wp-content\/uploads\/2024\/11\/Captura-web_8-11-2024_111525_www.entrerios.tur_.ar_.jpeg 426w, https:\/\/argentinatermal.com.ar\/wp-content\/uploads\/2024\/11\/Captura-web_8-11-2024_111525_www.entrerios.tur_.ar_-300x72.jpeg 300w, https:\/\/argentinatermal.com.ar\/wp-content\/uploads\/2024\/11\/Captura-web_8-11-2024_111525_www.entrerios.tur_.ar_-320x77.jpeg 320w\" sizes=\"(max-width: 426px) 100vw, 426px\" \/><\/a><\/figure>\n","protected":false},"excerpt":{"rendered":"<p>En el marco del Programa de Desarrollo e Integraci\u00f3n de la Regi\u00f3n de Salto Grande, se presentaron las primeras consultor\u00edas orientadas a mejorar la calidad, sostenibilidad y posicionamiento del producto termal. Las acciones, que iniciar\u00e1n en los centros termales de Col\u00f3n, Concordia y Federaci\u00f3n, buscan convertirse en un modelo replicable en toda la provincia. La [&hellip;]<\/p>\n","protected":false},"author":1,"featured_media":9827,"comment_status":"open","ping_status":"open","sticky":false,"template":"","format":"standard","meta":{"footnotes":""},"categories":[28],"tags":[],"class_list":["post-9826","post","type-post","status-publish","format-standard","has-post-thumbnail","hentry","category-portales-de-servicios-e-informacion"],"_links":{"self":[{"href":"https:\/\/argentinatermal.com.ar\/index.php?rest_route=\/wp\/v2\/posts\/9826","targetHints":{"allow":["GET"]}}],"collection":[{"href":"https:\/\/argentinatermal.com.ar\/index.php?rest_route=\/wp\/v2\/posts"}],"about":[{"href":"https:\/\/argentinatermal.com.ar\/index.php?rest_route=\/wp\/v2\/types\/post"}],"author":[{"embeddable":true,"href":"https:\/\/argentinatermal.com.ar\/index.php?rest_route=\/wp\/v2\/users\/1"}],"replies":[{"embeddable":true,"href":"https:\/\/argentinatermal.com.ar\/index.php?rest_route=%2Fwp%2Fv2%2Fcomments&post=9826"}],"version-history":[{"count":1,"href":"https:\/\/argentinatermal.com.ar\/index.php?rest_route=\/wp\/v2\/posts\/9826\/revisions"}],"predecessor-version":[{"id":9828,"href":"https:\/\/argentinatermal.com.ar\/index.php?rest_route=\/wp\/v2\/posts\/9826\/revisions\/9828"}],"wp:featuredmedia":[{"embeddable":true,"href":"https:\/\/argentinatermal.com.ar\/index.php?rest_route=\/wp\/v2\/media\/9827"}],"wp:attachment":[{"href":"https:\/\/argentinatermal.com.ar\/index.php?rest_route=%2Fwp%2Fv2%2Fmedia&parent=9826"}],"wp:term":[{"taxonomy":"category","embeddable":true,"href":"https:\/\/argentinatermal.com.ar\/index.php?rest_route=%2Fwp%2Fv2%2Fcategories&post=9826"},{"taxonomy":"post_tag","embeddable":true,"href":"https:\/\/argentinatermal.com.ar\/index.php?rest_route=%2Fwp%2Fv2%2Ftags&post=9826"}],"curies":[{"name":"wp","href":"https:\/\/api.w.org\/{rel}","templated":true}]}}