{"id":9834,"date":"2025-08-03T12:28:13","date_gmt":"2025-08-03T15:28:13","guid":{"rendered":"https:\/\/argentinatermal.com.ar\/?p=9834"},"modified":"2025-08-03T12:31:13","modified_gmt":"2025-08-03T15:31:13","slug":"argentina-fue-elegida-para-representar-a-las-americas-en-el-consejo-ejecutivo-de-onu-turismo","status":"publish","type":"post","link":"https:\/\/argentinatermal.com.ar\/?p=9834","title":{"rendered":"Argentina fue elegida para representar a las Am\u00e9ricas en el Consejo Ejecutivo de ONU Turismo"},"content":{"rendered":"\n<p class=\"has-white-color has-text-color has-background has-link-color wp-elements-5705b188463708913b25e1d3d4823cb0\" style=\"background-color:#04476e\">La designaci\u00f3n para integrar el \u00f3rgano de mayor relevancia durante el per\u00edodo 2027-2029 ser\u00e1 formalizada en Arabia Saudita en noviembre pr\u00f3ximo.<\/p>\n\n\n\n<p>La&nbsp;<strong>Rep\u00fablica Argentina<\/strong>&nbsp;fue elegida por los pa\u00edses de las&nbsp;<strong>Am\u00e9ricas<\/strong>&nbsp;para representar a la regi\u00f3n en el&nbsp;<strong>Consejo Ejecutivo<\/strong>&nbsp;de&nbsp;<strong>ONU Turismo<\/strong>&nbsp;(UN Tourism), su \u00f3rgano de mayor relevancia, durante el per\u00edodo&nbsp;<strong>2027\u20132029<\/strong>.<\/p>\n\n\n\n<figure class=\"wp-block-image size-large\"><img decoding=\"async\" src=\"https:\/\/www.argentina.gob.ar\/sites\/default\/files\/auditorio_comision_regional_de_las_americas.jpeg\" alt=\"\" \/><\/figure>\n\n\n\n<p>La elecci\u00f3n se llev\u00f3 a cabo hoy en Lima, Per\u00fa, durante la&nbsp;<strong>70\u00aa reuni\u00f3n de la Comisi\u00f3n Regional de las Am\u00e9ricas<\/strong>, con la participaci\u00f3n plena de los pa\u00edses miembros.&nbsp;<strong>Argentina<\/strong>&nbsp;fue el primer pa\u00eds en recibir el respaldo regional para ocupar una de las bancas clave del Consejo Ejecutivo.<\/p>\n\n\n<div class=\"wp-block-image\">\n<figure class=\"alignright size-large is-resized\"><a href=\"https:\/\/www.unrn.edu.ar\/eventos\/-2708\" target=\"_blank\" rel=\" noreferrer noopener\"><img decoding=\"async\" width=\"723\" height=\"1024\" src=\"https:\/\/argentinatermal.com.ar\/wp-content\/uploads\/2025\/07\/neua-723x1024.jpg\" alt=\"\" class=\"wp-image-9815\" style=\"width:278px;height:auto\" srcset=\"https:\/\/argentinatermal.com.ar\/wp-content\/uploads\/2025\/07\/neua-723x1024.jpg 723w, https:\/\/argentinatermal.com.ar\/wp-content\/uploads\/2025\/07\/neua-212x300.jpg 212w, https:\/\/argentinatermal.com.ar\/wp-content\/uploads\/2025\/07\/neua-768x1087.jpg 768w, https:\/\/argentinatermal.com.ar\/wp-content\/uploads\/2025\/07\/neua-696x985.jpg 696w, https:\/\/argentinatermal.com.ar\/wp-content\/uploads\/2025\/07\/neua-297x420.jpg 297w, https:\/\/argentinatermal.com.ar\/wp-content\/uploads\/2025\/07\/neua-320x453.jpg 320w, https:\/\/argentinatermal.com.ar\/wp-content\/uploads\/2025\/07\/neua-480x680.jpg 480w, https:\/\/argentinatermal.com.ar\/wp-content\/uploads\/2025\/07\/neua-800x1133.jpg 800w, https:\/\/argentinatermal.com.ar\/wp-content\/uploads\/2025\/07\/neua.jpg 904w\" sizes=\"(max-width: 723px) 100vw, 723px\" \/><\/a><figcaption class=\"wp-element-caption\"><strong><em><sup><mark class=\"has-inline-color has-vivid-green-cyan-color\">Publicidad:<\/mark><\/sup><\/em><\/strong><\/figcaption><\/figure>\n<\/div>\n\n\n<p>La designaci\u00f3n ser\u00e1 formalizada en noviembre, durante la pr\u00f3xima&nbsp;<strong>Asamblea General de ONU Turismo<\/strong>, que se celebrar\u00e1 en Riad,&nbsp;<strong>Reino de Arabia Saudita<\/strong>.<\/p>\n\n\n\n<p>La reuni\u00f3n regional fue copresidida por&nbsp;<strong>Rep\u00fablica Dominicana, Paraguay y la Argentina<\/strong>, que estuvo representada por el embajador argentino en Per\u00fa,&nbsp;<strong>Samuel Ortiz Basualdo<\/strong>; la secretaria ejecutiva del Instituto Nacional de Promoci\u00f3n Tur\u00edstica (Inprotur),&nbsp;<strong>Ana Garc\u00eda Allievi<\/strong>, y el asesor del Inprotur,&nbsp;<strong>Gustavo Hani<\/strong>.<\/p>\n\n\n\n<p>Adem\u00e1s, se confirm\u00f3 que la&nbsp;<strong>Argentina<\/strong>&nbsp;ser\u00e1 sede de la&nbsp;<strong>72\u00aa reuni\u00f3n de la Comisi\u00f3n Regional de las Am\u00e9ricas en 2027<\/strong>, el encuentro anual m\u00e1s importante que tiene la regi\u00f3n para debatir sobre las pol\u00edticas que se llevan adelante:<\/p>\n\n\n\n<p>Como miembro del Consejo Ejecutivo y futura sede de la reuni\u00f3n regional,&nbsp;<strong>Argentina<\/strong>&nbsp;reafirma su liderazgo en la regi\u00f3n y su firme apoyo a&nbsp;<strong>Shaikha Nasser Al Nowais<\/strong>, primera mujer en asumir el mando de la Organizaci\u00f3n.<\/p>\n\n\n\n<p><strong>Shaikha Nasser Al Nowais<\/strong>\u00a0realizar\u00e1 su primera visita oficial a la regi\u00f3n en el marco de la\u00a0<strong>Feria Internacional de Turismo (FIT)<\/strong>, donde celebrar\u00e1 por primera vez el\u00a0<strong>D\u00eda Mundial del Turismo<\/strong>, junto la Argentina y al resto de los pa\u00edses de las Am\u00e9ricas que participan de la feria.<\/p>\n<p>\u00a0<\/p>\n","protected":false},"excerpt":{"rendered":"<p>La designaci\u00f3n para integrar el \u00f3rgano de mayor relevancia durante el per\u00edodo 2027-2029 ser\u00e1 formalizada en Arabia Saudita en noviembre pr\u00f3ximo. La&nbsp;Rep\u00fablica Argentina&nbsp;fue elegida por los pa\u00edses de las&nbsp;Am\u00e9ricas&nbsp;para representar a la regi\u00f3n en el&nbsp;Consejo Ejecutivo&nbsp;de&nbsp;ONU Turismo&nbsp;(UN Tourism), su \u00f3rgano de mayor relevancia, durante el per\u00edodo&nbsp;2027\u20132029. La elecci\u00f3n se llev\u00f3 a cabo hoy en Lima, [&hellip;]<\/p>\n","protected":false},"author":1,"featured_media":9835,"comment_status":"open","ping_status":"open","sticky":false,"template":"","format":"standard","meta":{"footnotes":""},"categories":[7,12],"tags":[],"class_list":["post-9834","post","type-post","status-publish","format-standard","has-post-thumbnail","hentry","category-argentina","category-internacionales"],"_links":{"self":[{"href":"https:\/\/argentinatermal.com.ar\/index.php?rest_route=\/wp\/v2\/posts\/9834","targetHints":{"allow":["GET"]}}],"collection":[{"href":"https:\/\/argentinatermal.com.ar\/index.php?rest_route=\/wp\/v2\/posts"}],"about":[{"href":"https:\/\/argentinatermal.com.ar\/index.php?rest_route=\/wp\/v2\/types\/post"}],"author":[{"embeddable":true,"href":"https:\/\/argentinatermal.com.ar\/index.php?rest_route=\/wp\/v2\/users\/1"}],"replies":[{"embeddable":true,"href":"https:\/\/argentinatermal.com.ar\/index.php?rest_route=%2Fwp%2Fv2%2Fcomments&post=9834"}],"version-history":[{"count":2,"href":"https:\/\/argentinatermal.com.ar\/index.php?rest_route=\/wp\/v2\/posts\/9834\/revisions"}],"predecessor-version":[{"id":9838,"href":"https:\/\/argentinatermal.com.ar\/index.php?rest_route=\/wp\/v2\/posts\/9834\/revisions\/9838"}],"wp:featuredmedia":[{"embeddable":true,"href":"https:\/\/argentinatermal.com.ar\/index.php?rest_route=\/wp\/v2\/media\/9835"}],"wp:attachment":[{"href":"https:\/\/argentinatermal.com.ar\/index.php?rest_route=%2Fwp%2Fv2%2Fmedia&parent=9834"}],"wp:term":[{"taxonomy":"category","embeddable":true,"href":"https:\/\/argentinatermal.com.ar\/index.php?rest_route=%2Fwp%2Fv2%2Fcategories&post=9834"},{"taxonomy":"post_tag","embeddable":true,"href":"https:\/\/argentinatermal.com.ar\/index.php?rest_route=%2Fwp%2Fv2%2Ftags&post=9834"}],"curies":[{"name":"wp","href":"https:\/\/api.w.org\/{rel}","templated":true}]}}