{"id":9843,"date":"2025-08-06T09:12:51","date_gmt":"2025-08-06T12:12:51","guid":{"rendered":"https:\/\/argentinatermal.com.ar\/?p=9843"},"modified":"2025-08-06T09:18:21","modified_gmt":"2025-08-06T12:18:21","slug":"don-carlos-marbella-inaugura-con-spa-de-dos-plantas-en-la-costa-del-sol","status":"publish","type":"post","link":"https:\/\/argentinatermal.com.ar\/?p=9843","title":{"rendered":"Don Carlos Marbella inaugura con spa de dos plantas en la Costa del Sol"},"content":{"rendered":"\n<p><strong><em>El hotel y spa se ha sometido a una renovaci\u00f3n de 45 millones de euros, liderada por el Grupo Selenta<\/em><\/strong><\/p>\n\n\n<div class=\"wp-block-image\">\n<figure class=\"alignright size-large is-resized\"><a href=\"https:\/\/www.unrn.edu.ar\/eventos\/-2708\" target=\"_blank\" rel=\" noreferrer noopener\"><img decoding=\"async\" width=\"723\" height=\"1024\" src=\"https:\/\/argentinatermal.com.ar\/wp-content\/uploads\/2025\/07\/neua-723x1024.jpg\" alt=\"\" class=\"wp-image-9815\" style=\"width:256px;height:auto\" srcset=\"https:\/\/argentinatermal.com.ar\/wp-content\/uploads\/2025\/07\/neua-723x1024.jpg 723w, https:\/\/argentinatermal.com.ar\/wp-content\/uploads\/2025\/07\/neua-212x300.jpg 212w, https:\/\/argentinatermal.com.ar\/wp-content\/uploads\/2025\/07\/neua-768x1087.jpg 768w, https:\/\/argentinatermal.com.ar\/wp-content\/uploads\/2025\/07\/neua-696x985.jpg 696w, https:\/\/argentinatermal.com.ar\/wp-content\/uploads\/2025\/07\/neua-297x420.jpg 297w, https:\/\/argentinatermal.com.ar\/wp-content\/uploads\/2025\/07\/neua-320x453.jpg 320w, https:\/\/argentinatermal.com.ar\/wp-content\/uploads\/2025\/07\/neua-480x680.jpg 480w, https:\/\/argentinatermal.com.ar\/wp-content\/uploads\/2025\/07\/neua-800x1133.jpg 800w, https:\/\/argentinatermal.com.ar\/wp-content\/uploads\/2025\/07\/neua.jpg 904w\" sizes=\"(max-width: 723px) 100vw, 723px\" \/><\/a><figcaption class=\"wp-element-caption\"><em><sup><mark class=\"has-inline-color has-vivid-green-cyan-color\">Publicidad:<\/mark><\/sup><\/em><\/figcaption><\/figure>\n<\/div>\n\n\n<p>El hotel Don Carlos Marbella ha reabierto sus puertas en la Costa del Sol tras una amplia renovaci\u00f3n de 45 millones de euros. La reinvenci\u00f3n del hotel, s\u00edmbolo de la exclusividad de Marbella desde 1969, ha sido liderada por Selenta Group.<\/p>\n\n\n\n<p>Dise\u00f1ado por el dise\u00f1ador de interiores Jaime Beriestain, la propiedad de 308 habitaciones ahora cuenta con un exclusivo spa de dos pisos y alberga el primer Centro de Tenis Rafa Nadal en Espa\u00f1a.<\/p>\n\n\n\n<p>Instalaciones de spa en Don Carlos Marbella<\/p>\n\n\n\n<p>En la planta baja hay diez salas de tratamiento con camas de tratamiento Nilo.<\/p>\n\n\n\n<p>Estos incluyen una suite de spa VIP, una sala de masajes tailandeses y una sala de hidromasaje. La suite VIP ofrece una piscina privada de hidroterapia, sauna y ba\u00f1o de vapor.<\/p>\n\n\n\n<p>En el primer piso hay un circuito de aguas y \u00e1rea termal completa con piscina de vitalidad, sauna finlandesa, ba\u00f1o de vapor arom\u00e1tico, inmersiones fr\u00edas y calientes y un tepidarium, suministrado por&nbsp;<a href=\"https:\/\/www.freixanetwellness.com\/\" target=\"_blank\" rel=\"noreferrer noopener\">Freixenet Wellness<\/a>. Tambi\u00e9n hay zonas de relajaci\u00f3n interiores y exteriores, y una terraza.<\/p>\n\n\n\n<figure class=\"wp-block-image size-large\"><img decoding=\"async\" src=\"https:\/\/europeanspamagazine.com\/app\/uploads\/2025\/07\/Spa_Don-Carlos-Marbella-3-copy.jpg\" alt=\"\" \/><figcaption class=\"wp-element-caption\"><sup>El spa de dos plantas forma parte de una amplia renovaci\u00f3n de 45 millones de euros dirigida por Selenta Group<\/sup><\/figcaption><\/figure>\n\n\n\n<p>Un destino pensado para el bienestar<\/p>\n\n\n\n<p>El spa cubierto de 1.600 metros cuadrados ofrece a los hu\u00e9spedes tratamientos exclusivos de&nbsp;<a href=\"https:\/\/europeanspamagazine.com\/platinum-resource-2025\/?pageno=192\" target=\"_blank\" rel=\"noreferrer noopener\">Natura Biss\u00e9<\/a>.<\/p>\n\n\n\n<p>La marca ha ideado una serie de tratamientos faciales y corporales que capturan la energ\u00eda vibrante del Mediterr\u00e1neo. El Ritual Don Carlos Charm, por ejemplo, es una experiencia sensorial que combina una exfoliaci\u00f3n con cristales y p\u00e9talos frescos m\u00e1s un masaje de azahar con piedras calientes.<\/p>\n\n\n\n<p>Los servicios terap\u00e9uticos, que incluyen fisioterapia y osteopat\u00eda, se ofrecen en asociaci\u00f3n con fisioterapeutas locales, y el spa realiza sesiones mensuales de terapia acu\u00e1tica regenerativa.<\/p>\n\n\n\n<p>Los productos naturales&nbsp;<a href=\"https:\/\/www.alqvimia.com\/\" target=\"_blank\" rel=\"noreferrer noopener\">de Alqvimia<\/a>&nbsp;se utilizan para rituales hol\u00edsticos. Los tratamientos mejorados con tecnolog\u00eda incluyen radiofrecuencia de Indiba y terapia de vac\u00edo de LPG Spain.<\/p>\n\n\n\n<p>Los sistemas de reservas y operaciones de spa completos son suministrados por Concept y SAP. Los uniformes son de Trotinete Portugal y la ropa de spa es de Bassols.<\/p>\n\n\n\n<figure class=\"wp-block-image size-large\"><img decoding=\"async\" src=\"https:\/\/europeanspamagazine.com\/app\/uploads\/2025\/07\/Spa_Don-Carlos-Marbella-7-copy.jpg\" alt=\"\" \/><figcaption class=\"wp-element-caption\"><em><sup>La piscina de vitalidad forma parte de la zona termal del spa<\/sup><\/em><\/figcaption><\/figure>\n\n\n\n<p>\u00abEn Don Carlos Spa, no solo ofrecemos tratamientos, sino que creamos viajes de bienestar transformadores inspirados en el alma de Marbella\u00bb, dijo la gerente general Sandra Caball\u00e9.<\/p>\n\n\n\n<p>\u00abCombinamos el cuidado avanzado de la piel con rituales profundamente restauradores, creando un santuario donde el verdadero lujo se siente personal y la autenticidad toca todos los sentidos\u00bb.<\/p>\n\n\n\n<h2 class=\"wp-block-heading\">Centro de Tenis Rafa Nadal<\/h2>\n\n\n\n<p>Don Carlos Marbella acoge el s\u00e9ptimo&nbsp;<a href=\"https:\/\/doncarlosresort.com\/en\/rafa-nadal-tennis-center\" target=\"_blank\" rel=\"noreferrer noopener\">Rafa Nadal Tennis Centre<\/a>&nbsp;del mundo.<\/p>\n\n\n\n<p>El centro de tenis de nueve pistas cuenta con siete pistas de tierra batida y dos pistas de p\u00e1del y est\u00e1 creado utilizando la metodolog\u00eda de entrenamiento de Rafa Nadal.<\/p>\n\n\n\n<p>El centro es el primero en Espa\u00f1a en utilizar el sistema Wingfield, que rastrea y analiza el juego, proporcionando estad\u00edsticas e informaci\u00f3n sobre el rendimiento para ayudar a los jugadores a mejorar.<\/p>\n\n\n\n<figure class=\"wp-block-image size-large\"><img decoding=\"async\" src=\"https:\/\/europeanspamagazine.com\/app\/uploads\/2025\/07\/Spa_Don-Carlos-Marbella-6-copy.jpg\" alt=\"\" \/><figcaption class=\"wp-element-caption\"><em><sup>El spa cuenta con ba\u00f1os fr\u00edos y calientes, as\u00ed como una sauna finlandesa y una sala de vapor arom\u00e1tica<\/sup><\/em><\/figcaption><\/figure>\n\n\n\n<p>Situado en primera l\u00ednea de playa, Don Carlos Marbella est\u00e1 rodeado de cinco acres de jardines tropicales, con habitaciones, suites y residencias que ofrecen vistas panor\u00e1micas al mar y al jard\u00edn.<\/p>\n\n\n\n<p>Su dise\u00f1o est\u00e1 inspirado en la esencia de Andaluc\u00eda, las olas del mar Mediterr\u00e1neo y la l\u00ednea del horizonte.<\/p>\n\n\n\n<p>El nuevo vest\u00edbulo ahora cuenta con vistas panor\u00e1micas mejoradas del mar, para que los hu\u00e9spedes sientan su presencia desde el primer momento. Por su parte, se han utilizado materiales como la rafia, la piedra y la madera natural para crear una experiencia inmersiva de confort. La paleta de colores est\u00e1 inspirada en la iridiscencia de las conchas marinas.<\/p>\n\n\n\n<figure class=\"wp-block-image size-full is-resized\"><a href=\"https:\/\/argentinatermal.com.ar\/wp-content\/uploads\/2025\/04\/Captura-de-pantalla_11-4-2025_112718_europeanspamagazine.com_.jpeg\"><img decoding=\"async\" width=\"520\" height=\"223\" src=\"https:\/\/argentinatermal.com.ar\/wp-content\/uploads\/2025\/04\/Captura-de-pantalla_11-4-2025_112718_europeanspamagazine.com_.jpeg\" alt=\"\" class=\"wp-image-9473\" style=\"width:231px;height:auto\" srcset=\"https:\/\/argentinatermal.com.ar\/wp-content\/uploads\/2025\/04\/Captura-de-pantalla_11-4-2025_112718_europeanspamagazine.com_.jpeg 520w, https:\/\/argentinatermal.com.ar\/wp-content\/uploads\/2025\/04\/Captura-de-pantalla_11-4-2025_112718_europeanspamagazine.com_-300x129.jpeg 300w, https:\/\/argentinatermal.com.ar\/wp-content\/uploads\/2025\/04\/Captura-de-pantalla_11-4-2025_112718_europeanspamagazine.com_-320x137.jpeg 320w, https:\/\/argentinatermal.com.ar\/wp-content\/uploads\/2025\/04\/Captura-de-pantalla_11-4-2025_112718_europeanspamagazine.com_-480x206.jpeg 480w\" sizes=\"(max-width: 520px) 100vw, 520px\" \/><\/a><\/figure>\n\n\n","protected":false},"excerpt":{"rendered":"<p>El hotel y spa se ha sometido a una renovaci\u00f3n de 45 millones de euros, liderada por el Grupo Selenta El hotel Don Carlos Marbella ha reabierto sus puertas en la Costa del Sol tras una amplia renovaci\u00f3n de 45 millones de euros. La reinvenci\u00f3n del hotel, s\u00edmbolo de la exclusividad de Marbella desde 1969, [&hellip;]<\/p>\n","protected":false},"author":1,"featured_media":9844,"comment_status":"open","ping_status":"open","sticky":false,"template":"","format":"standard","meta":{"footnotes":""},"categories":[28],"tags":[],"class_list":["post-9843","post","type-post","status-publish","format-standard","has-post-thumbnail","hentry","category-portales-de-servicios-e-informacion"],"_links":{"self":[{"href":"https:\/\/argentinatermal.com.ar\/index.php?rest_route=\/wp\/v2\/posts\/9843","targetHints":{"allow":["GET"]}}],"collection":[{"href":"https:\/\/argentinatermal.com.ar\/index.php?rest_route=\/wp\/v2\/posts"}],"about":[{"href":"https:\/\/argentinatermal.com.ar\/index.php?rest_route=\/wp\/v2\/types\/post"}],"author":[{"embeddable":true,"href":"https:\/\/argentinatermal.com.ar\/index.php?rest_route=\/wp\/v2\/users\/1"}],"replies":[{"embeddable":true,"href":"https:\/\/argentinatermal.com.ar\/index.php?rest_route=%2Fwp%2Fv2%2Fcomments&post=9843"}],"version-history":[{"count":3,"href":"https:\/\/argentinatermal.com.ar\/index.php?rest_route=\/wp\/v2\/posts\/9843\/revisions"}],"predecessor-version":[{"id":9848,"href":"https:\/\/argentinatermal.com.ar\/index.php?rest_route=\/wp\/v2\/posts\/9843\/revisions\/9848"}],"wp:featuredmedia":[{"embeddable":true,"href":"https:\/\/argentinatermal.com.ar\/index.php?rest_route=\/wp\/v2\/media\/9844"}],"wp:attachment":[{"href":"https:\/\/argentinatermal.com.ar\/index.php?rest_route=%2Fwp%2Fv2%2Fmedia&parent=9843"}],"wp:term":[{"taxonomy":"category","embeddable":true,"href":"https:\/\/argentinatermal.com.ar\/index.php?rest_route=%2Fwp%2Fv2%2Fcategories&post=9843"},{"taxonomy":"post_tag","embeddable":true,"href":"https:\/\/argentinatermal.com.ar\/index.php?rest_route=%2Fwp%2Fv2%2Ftags&post=9843"}],"curies":[{"name":"wp","href":"https:\/\/api.w.org\/{rel}","templated":true}]}}