{"id":9849,"date":"2025-08-08T11:57:51","date_gmt":"2025-08-08T14:57:51","guid":{"rendered":"https:\/\/argentinatermal.com.ar\/?p=9849"},"modified":"2025-08-08T11:58:48","modified_gmt":"2025-08-08T14:58:48","slug":"el-receso-invernal-dejo-un-impacto-economico-superior-a-los-86-mil-millones-en-entre-rios","status":"publish","type":"post","link":"https:\/\/argentinatermal.com.ar\/?p=9849","title":{"rendered":"El receso invernal dej\u00f3 un impacto econ\u00f3mico superior a los 86 mil millones en Entre R\u00edos"},"content":{"rendered":"\n<p><strong><em>Con una ocupaci\u00f3n promedio del 46% y picos del 70% los fines de semana, la provincia logr\u00f3 sostener el flujo tur\u00edstico durante todo el mes. La campa\u00f1a #ModoCarpincho, el relanzamiento del Pasaporte Entre R\u00edos y una agenda de propuestas culturales y recreativas acompa\u00f1aron la temporada.<\/em><\/strong><\/p>\n\n\n<div class=\"wp-block-image\">\n<figure class=\"alignright size-large is-resized\"><a href=\"https:\/\/www.unrn.edu.ar\/eventos\/-2708\" target=\"_blank\" rel=\" noreferrer noopener\"><img decoding=\"async\" width=\"723\" height=\"1024\" src=\"https:\/\/argentinatermal.com.ar\/wp-content\/uploads\/2025\/07\/neua-723x1024.jpg\" alt=\"\" class=\"wp-image-9815\" style=\"width:178px;height:auto\" srcset=\"https:\/\/argentinatermal.com.ar\/wp-content\/uploads\/2025\/07\/neua-723x1024.jpg 723w, https:\/\/argentinatermal.com.ar\/wp-content\/uploads\/2025\/07\/neua-212x300.jpg 212w, https:\/\/argentinatermal.com.ar\/wp-content\/uploads\/2025\/07\/neua-768x1087.jpg 768w, https:\/\/argentinatermal.com.ar\/wp-content\/uploads\/2025\/07\/neua-696x985.jpg 696w, https:\/\/argentinatermal.com.ar\/wp-content\/uploads\/2025\/07\/neua-297x420.jpg 297w, https:\/\/argentinatermal.com.ar\/wp-content\/uploads\/2025\/07\/neua-320x453.jpg 320w, https:\/\/argentinatermal.com.ar\/wp-content\/uploads\/2025\/07\/neua-480x680.jpg 480w, https:\/\/argentinatermal.com.ar\/wp-content\/uploads\/2025\/07\/neua-800x1133.jpg 800w, https:\/\/argentinatermal.com.ar\/wp-content\/uploads\/2025\/07\/neua.jpg 904w\" sizes=\"(max-width: 723px) 100vw, 723px\" \/><\/a><figcaption class=\"wp-element-caption\"><em><sup><mark class=\"has-inline-color has-vivid-green-cyan-color\">Publicidad:<\/mark><\/sup><\/em><\/figcaption><\/figure>\n<\/div>\n\n\n<p>El receso invernal, que se extendi\u00f3 del 7 de julio al 3 de agosto por las diferentes fechas del calendario escolar en el pa\u00eds, dej\u00f3 un balance favorable para el turismo entrerriano. De acuerdo con el relevamiento del \u00e1rea de Estad\u00edsticas de la Secretar\u00eda de Turismo de la provincia, 736.921 turistas eligieron Entre R\u00edos para sus vacaciones, generando un movimiento econ\u00f3mico estimado en $86.470.052.326.<\/p>\n\n\n\n<p>La ocupaci\u00f3n fue del 46%, con picos de hasta el 70% durante los fines de semana en los principales destinos, estad\u00eda promedio de 2.91 d\u00edas, y un gasto diario por persona de $85.251. La semana del 21 al 27 de julio, que coincidi\u00f3 con el inicio de las vacaciones de invierno en la provincia de Buenos Aires \u2014principal emisor de turistas hacia Entre R\u00edos\u2014 fue la de mayor ocupaci\u00f3n.<\/p>\n\n\n\n<figure class=\"wp-block-gallery has-nested-images columns-default is-cropped wp-block-gallery-1 is-layout-flex wp-block-gallery-is-layout-flex\">\n<figure class=\"wp-block-image size-large\"><a href=\"https:\/\/argentinatermal.com.ar\/wp-content\/uploads\/2025\/08\/Captura-de-pantalla_8-8-2025_115624_www.entrerios.tur_.ar_.jpeg\"><img decoding=\"async\" width=\"1015\" height=\"673\" data-id=\"9851\" src=\"https:\/\/argentinatermal.com.ar\/wp-content\/uploads\/2025\/08\/Captura-de-pantalla_8-8-2025_115624_www.entrerios.tur_.ar_.jpeg\" alt=\"\" class=\"wp-image-9851\" srcset=\"https:\/\/argentinatermal.com.ar\/wp-content\/uploads\/2025\/08\/Captura-de-pantalla_8-8-2025_115624_www.entrerios.tur_.ar_.jpeg 1015w, https:\/\/argentinatermal.com.ar\/wp-content\/uploads\/2025\/08\/Captura-de-pantalla_8-8-2025_115624_www.entrerios.tur_.ar_-300x199.jpeg 300w, https:\/\/argentinatermal.com.ar\/wp-content\/uploads\/2025\/08\/Captura-de-pantalla_8-8-2025_115624_www.entrerios.tur_.ar_-768x509.jpeg 768w, https:\/\/argentinatermal.com.ar\/wp-content\/uploads\/2025\/08\/Captura-de-pantalla_8-8-2025_115624_www.entrerios.tur_.ar_-696x461.jpeg 696w, https:\/\/argentinatermal.com.ar\/wp-content\/uploads\/2025\/08\/Captura-de-pantalla_8-8-2025_115624_www.entrerios.tur_.ar_-633x420.jpeg 633w, https:\/\/argentinatermal.com.ar\/wp-content\/uploads\/2025\/08\/Captura-de-pantalla_8-8-2025_115624_www.entrerios.tur_.ar_-320x212.jpeg 320w, https:\/\/argentinatermal.com.ar\/wp-content\/uploads\/2025\/08\/Captura-de-pantalla_8-8-2025_115624_www.entrerios.tur_.ar_-480x318.jpeg 480w, https:\/\/argentinatermal.com.ar\/wp-content\/uploads\/2025\/08\/Captura-de-pantalla_8-8-2025_115624_www.entrerios.tur_.ar_-800x530.jpeg 800w\" sizes=\"(max-width: 1015px) 100vw, 1015px\" \/><\/a><\/figure>\n\n\n\n<figure class=\"wp-block-image size-large\"><a href=\"https:\/\/argentinatermal.com.ar\/wp-content\/uploads\/2025\/08\/Captura-de-pantalla_8-8-2025_115554_www.entrerios.tur_.ar_.jpeg\"><img decoding=\"async\" width=\"1012\" height=\"675\" data-id=\"9853\" src=\"https:\/\/argentinatermal.com.ar\/wp-content\/uploads\/2025\/08\/Captura-de-pantalla_8-8-2025_115554_www.entrerios.tur_.ar_.jpeg\" alt=\"\" class=\"wp-image-9853\" srcset=\"https:\/\/argentinatermal.com.ar\/wp-content\/uploads\/2025\/08\/Captura-de-pantalla_8-8-2025_115554_www.entrerios.tur_.ar_.jpeg 1012w, https:\/\/argentinatermal.com.ar\/wp-content\/uploads\/2025\/08\/Captura-de-pantalla_8-8-2025_115554_www.entrerios.tur_.ar_-300x200.jpeg 300w, https:\/\/argentinatermal.com.ar\/wp-content\/uploads\/2025\/08\/Captura-de-pantalla_8-8-2025_115554_www.entrerios.tur_.ar_-768x512.jpeg 768w, https:\/\/argentinatermal.com.ar\/wp-content\/uploads\/2025\/08\/Captura-de-pantalla_8-8-2025_115554_www.entrerios.tur_.ar_-696x464.jpeg 696w, https:\/\/argentinatermal.com.ar\/wp-content\/uploads\/2025\/08\/Captura-de-pantalla_8-8-2025_115554_www.entrerios.tur_.ar_-630x420.jpeg 630w, https:\/\/argentinatermal.com.ar\/wp-content\/uploads\/2025\/08\/Captura-de-pantalla_8-8-2025_115554_www.entrerios.tur_.ar_-320x213.jpeg 320w, https:\/\/argentinatermal.com.ar\/wp-content\/uploads\/2025\/08\/Captura-de-pantalla_8-8-2025_115554_www.entrerios.tur_.ar_-480x320.jpeg 480w, https:\/\/argentinatermal.com.ar\/wp-content\/uploads\/2025\/08\/Captura-de-pantalla_8-8-2025_115554_www.entrerios.tur_.ar_-800x534.jpeg 800w\" sizes=\"(max-width: 1012px) 100vw, 1012px\" \/><\/a><\/figure>\n\n\n\n<figure class=\"wp-block-image size-large\"><a href=\"https:\/\/argentinatermal.com.ar\/wp-content\/uploads\/2025\/08\/Captura-de-pantalla_8-8-2025_115519_www.entrerios.tur_.ar_.jpeg\"><img decoding=\"async\" width=\"1023\" height=\"682\" data-id=\"9852\" src=\"https:\/\/argentinatermal.com.ar\/wp-content\/uploads\/2025\/08\/Captura-de-pantalla_8-8-2025_115519_www.entrerios.tur_.ar_.jpeg\" alt=\"\" class=\"wp-image-9852\" srcset=\"https:\/\/argentinatermal.com.ar\/wp-content\/uploads\/2025\/08\/Captura-de-pantalla_8-8-2025_115519_www.entrerios.tur_.ar_.jpeg 1023w, https:\/\/argentinatermal.com.ar\/wp-content\/uploads\/2025\/08\/Captura-de-pantalla_8-8-2025_115519_www.entrerios.tur_.ar_-300x200.jpeg 300w, https:\/\/argentinatermal.com.ar\/wp-content\/uploads\/2025\/08\/Captura-de-pantalla_8-8-2025_115519_www.entrerios.tur_.ar_-768x512.jpeg 768w, https:\/\/argentinatermal.com.ar\/wp-content\/uploads\/2025\/08\/Captura-de-pantalla_8-8-2025_115519_www.entrerios.tur_.ar_-696x464.jpeg 696w, https:\/\/argentinatermal.com.ar\/wp-content\/uploads\/2025\/08\/Captura-de-pantalla_8-8-2025_115519_www.entrerios.tur_.ar_-630x420.jpeg 630w, https:\/\/argentinatermal.com.ar\/wp-content\/uploads\/2025\/08\/Captura-de-pantalla_8-8-2025_115519_www.entrerios.tur_.ar_-320x213.jpeg 320w, https:\/\/argentinatermal.com.ar\/wp-content\/uploads\/2025\/08\/Captura-de-pantalla_8-8-2025_115519_www.entrerios.tur_.ar_-480x320.jpeg 480w, https:\/\/argentinatermal.com.ar\/wp-content\/uploads\/2025\/08\/Captura-de-pantalla_8-8-2025_115519_www.entrerios.tur_.ar_-800x533.jpeg 800w\" sizes=\"(max-width: 1023px) 100vw, 1023px\" \/><\/a><\/figure>\n<\/figure>\n\n\n\n<p>\u201cEl balance es positivo si se considera el contexto econ\u00f3mico nacional. El turismo entrerriano logr\u00f3 sostenerse durante todo el mes, con buen nivel de ocupaci\u00f3n los fines de semana y una variada agenda de propuestas que sumaron valor a los destinos\u201d, se\u00f1al\u00f3 el secretario de Turismo de Entre R\u00edos, Jorge Satto.<\/p>\n\n\n\n<p>Durante el per\u00edodo invernal, la provincia reforz\u00f3 su posicionamiento con la campa\u00f1a #ModoCarpincho, que invit\u00f3 a vivir el descanso de manera aut\u00e9nticamente entrerriana, destacando los atractivos naturales, la calidez de los pueblos y la identidad litorale\u00f1a. En paralelo, se relanz\u00f3 el Pasaporte Entre R\u00edos, un programa de beneficios y descuentos en hoteler\u00eda, gastronom\u00eda y actividades que se adapt\u00f3 a la temporada baja para brindar mejores condiciones a los visitantes.<\/p>\n\n\n\n<p>Las termas, emblema del invierno entrerriano, volvieron a ocupar un rol central en la oferta tur\u00edstica, complementadas por actividades culturales, ferias, eventos deportivos, circuitos hist\u00f3ricos y propuestas para toda la familia que los municipios sumaron como valor agregado. Esta combinaci\u00f3n permiti\u00f3 mantener niveles sostenidos de ocupaci\u00f3n durante todo el mes, incluso entre semana.<\/p>\n\n\n\n<p>\u201cEntre R\u00edos sigue siendo un destino elegido por quienes buscan descanso, naturaleza y propuestas accesibles. Desde el gobierno provincial seguimos apostando a la promoci\u00f3n y al trabajo articulado con el sector privado para sostener la actividad tur\u00edstica a lo largo del a\u00f1o\u201d, concluy\u00f3 Satto.<\/p>\n\n\n\n<figure class=\"wp-block-image size-full is-resized\"><a href=\"https:\/\/argentinatermal.com.ar\/wp-content\/uploads\/2025\/08\/Captura-de-pantalla_8-8-2025_115217_www.entrerios.tur_.ar_.jpeg\"><img decoding=\"async\" width=\"526\" height=\"117\" src=\"https:\/\/argentinatermal.com.ar\/wp-content\/uploads\/2025\/08\/Captura-de-pantalla_8-8-2025_115217_www.entrerios.tur_.ar_.jpeg\" alt=\"\" class=\"wp-image-9850\" style=\"width:237px;height:auto\" srcset=\"https:\/\/argentinatermal.com.ar\/wp-content\/uploads\/2025\/08\/Captura-de-pantalla_8-8-2025_115217_www.entrerios.tur_.ar_.jpeg 526w, https:\/\/argentinatermal.com.ar\/wp-content\/uploads\/2025\/08\/Captura-de-pantalla_8-8-2025_115217_www.entrerios.tur_.ar_-300x67.jpeg 300w, https:\/\/argentinatermal.com.ar\/wp-content\/uploads\/2025\/08\/Captura-de-pantalla_8-8-2025_115217_www.entrerios.tur_.ar_-320x71.jpeg 320w, https:\/\/argentinatermal.com.ar\/wp-content\/uploads\/2025\/08\/Captura-de-pantalla_8-8-2025_115217_www.entrerios.tur_.ar_-480x107.jpeg 480w\" sizes=\"(max-width: 526px) 100vw, 526px\" \/><\/a><\/figure>\n","protected":false},"excerpt":{"rendered":"<p>Con una ocupaci\u00f3n promedio del 46% y picos del 70% los fines de semana, la provincia logr\u00f3 sostener el flujo tur\u00edstico durante todo el mes. La campa\u00f1a #ModoCarpincho, el relanzamiento del Pasaporte Entre R\u00edos y una agenda de propuestas culturales y recreativas acompa\u00f1aron la temporada. El receso invernal, que se extendi\u00f3 del 7 de julio [&hellip;]<\/p>\n","protected":false},"author":1,"featured_media":9852,"comment_status":"open","ping_status":"open","sticky":false,"template":"","format":"standard","meta":{"footnotes":""},"categories":[29],"tags":[],"class_list":["post-9849","post","type-post","status-publish","format-standard","has-post-thumbnail","hentry","category-datos-utiles"],"_links":{"self":[{"href":"https:\/\/argentinatermal.com.ar\/index.php?rest_route=\/wp\/v2\/posts\/9849","targetHints":{"allow":["GET"]}}],"collection":[{"href":"https:\/\/argentinatermal.com.ar\/index.php?rest_route=\/wp\/v2\/posts"}],"about":[{"href":"https:\/\/argentinatermal.com.ar\/index.php?rest_route=\/wp\/v2\/types\/post"}],"author":[{"embeddable":true,"href":"https:\/\/argentinatermal.com.ar\/index.php?rest_route=\/wp\/v2\/users\/1"}],"replies":[{"embeddable":true,"href":"https:\/\/argentinatermal.com.ar\/index.php?rest_route=%2Fwp%2Fv2%2Fcomments&post=9849"}],"version-history":[{"count":1,"href":"https:\/\/argentinatermal.com.ar\/index.php?rest_route=\/wp\/v2\/posts\/9849\/revisions"}],"predecessor-version":[{"id":9854,"href":"https:\/\/argentinatermal.com.ar\/index.php?rest_route=\/wp\/v2\/posts\/9849\/revisions\/9854"}],"wp:featuredmedia":[{"embeddable":true,"href":"https:\/\/argentinatermal.com.ar\/index.php?rest_route=\/wp\/v2\/media\/9852"}],"wp:attachment":[{"href":"https:\/\/argentinatermal.com.ar\/index.php?rest_route=%2Fwp%2Fv2%2Fmedia&parent=9849"}],"wp:term":[{"taxonomy":"category","embeddable":true,"href":"https:\/\/argentinatermal.com.ar\/index.php?rest_route=%2Fwp%2Fv2%2Fcategories&post=9849"},{"taxonomy":"post_tag","embeddable":true,"href":"https:\/\/argentinatermal.com.ar\/index.php?rest_route=%2Fwp%2Fv2%2Ftags&post=9849"}],"curies":[{"name":"wp","href":"https:\/\/api.w.org\/{rel}","templated":true}]}}