{"id":9859,"date":"2025-08-11T09:35:37","date_gmt":"2025-08-11T12:35:37","guid":{"rendered":"https:\/\/argentinatermal.com.ar\/?p=9859"},"modified":"2025-08-11T09:35:38","modified_gmt":"2025-08-11T12:35:38","slug":"kicillof-encabezo-el-cierre-del-congreso-nacional-del-agua","status":"publish","type":"post","link":"https:\/\/argentinatermal.com.ar\/?p=9859","title":{"rendered":"Kicillof encabez\u00f3 el cierre del Congreso Nacional del Agua"},"content":{"rendered":"\n<p><strong><em>Adem\u00e1s, el Gobernador particip\u00f3 del encuentro Semana Social 2025 que rindi\u00f3 homenaje al Papa Francisco.<\/em><\/strong><\/p>\n\n\n\n<p>El gobernador de la provincia de Buenos Aires, Axel Kicillof, encabez\u00f3 este viernes el cierre del XXVIII Congreso Nacional del Agua (CONAGUA), un encuentro federal que busca promover la articulaci\u00f3n entre la gesti\u00f3n p\u00fablica y la academia para el dise\u00f1o de pol\u00edticas h\u00eddricas eficientes y sostenibles. Fue en el Hotel Provincial de Mar del Plata, con la presencia del ministro de Infraestructura y Servicios P\u00fablicos, Gabriel Katopodis; y el secretario general del CFI, Ignacio Lamothe.\u00a0<\/p>\n\n\n<div class=\"wp-block-image\">\n<figure class=\"alignright size-large is-resized\"><a href=\"https:\/\/www.unrn.edu.ar\/eventos\/-2708\" target=\"_blank\" rel=\" noreferrer noopener\"><img decoding=\"async\" width=\"723\" height=\"1024\" src=\"https:\/\/argentinatermal.com.ar\/wp-content\/uploads\/2025\/07\/neua-723x1024.jpg\" alt=\"\" class=\"wp-image-9815\" style=\"width:250px;height:auto\" srcset=\"https:\/\/argentinatermal.com.ar\/wp-content\/uploads\/2025\/07\/neua-723x1024.jpg 723w, https:\/\/argentinatermal.com.ar\/wp-content\/uploads\/2025\/07\/neua-212x300.jpg 212w, https:\/\/argentinatermal.com.ar\/wp-content\/uploads\/2025\/07\/neua-768x1087.jpg 768w, https:\/\/argentinatermal.com.ar\/wp-content\/uploads\/2025\/07\/neua-696x985.jpg 696w, https:\/\/argentinatermal.com.ar\/wp-content\/uploads\/2025\/07\/neua-297x420.jpg 297w, https:\/\/argentinatermal.com.ar\/wp-content\/uploads\/2025\/07\/neua-320x453.jpg 320w, https:\/\/argentinatermal.com.ar\/wp-content\/uploads\/2025\/07\/neua-480x680.jpg 480w, https:\/\/argentinatermal.com.ar\/wp-content\/uploads\/2025\/07\/neua-800x1133.jpg 800w, https:\/\/argentinatermal.com.ar\/wp-content\/uploads\/2025\/07\/neua.jpg 904w\" sizes=\"(max-width: 723px) 100vw, 723px\" \/><\/a><figcaption class=\"wp-element-caption\"><em><sup><mark class=\"has-inline-color has-vivid-green-cyan-color\">Publicidad:<\/mark><\/sup><\/em><\/figcaption><\/figure>\n<\/div>\n\n\n<p>\u201cLo que ha hecho el Gobierno nacional desde que asumi\u00f3 es impulsar un negacionismo de la crisis clim\u00e1tica que ya tiene consecuencias concretas: subejecut\u00f3 presupuestos, detuvo obras y desfinanci\u00f3 proyectos de investigaci\u00f3n muy importantes\u201d, manifest\u00f3 Kicillof. \u201cEn la Provincia vamos justamente a contramano: tenemos un plan h\u00eddrico para el Gran La Plata y para Bah\u00eda Blanca, abordamos en la ampliaci\u00f3n del R\u00edo Luj\u00e1n y avanzamos como nunca en el Plan Maestro de la Cuenca del R\u00edo Salado\u201d, a\u00f1adi\u00f3 el Gobernador durante la conferencia \u201cGobernanza del agua en un pa\u00eds federal\u201d.\u00a0<\/p>\n\n\n\n<p>El Congreso, que se realiza desde 1963, es el \u00e1mbito t\u00e9cnico-cient\u00edfico y de gesti\u00f3n del agua m\u00e1s importante del pa\u00eds. Se presentaron m\u00e1s de 400 investigaciones y trabajos acad\u00e9micos, y se realizaron mesas de debate sobre tem\u00e1ticas como la gesti\u00f3n de cuencas, el saneamiento y el riesgo h\u00eddrico, con el objetivo de desarrollar soluciones innovadoras para las necesidades sociales y productivas.<\/p>\n\n\n\n<p>Por su parte, Katopodis remarc\u00f3: \u00abCreemos que la obra p\u00fablica y la gobernanza del agua tienen que ser palancas de oportunidades que achiquen brechas. Por eso, estos espacios son necesarios para sentar claridad sobre qu\u00e9 tipo de pol\u00edticas p\u00fablicas necesitamos para continuar en el camino del desarrollo\u201d.<\/p>\n\n\n\n<p>\u201cAgradecemos al gobierno de la Provincia por tomar la valiente decisi\u00f3n de sostener este congreso que permite formarnos y estimular los debates\u201d, sostuvo Lamothe y agreg\u00f3: \u201cEs hora de que la pol\u00edtica ponga en el centro de la escena al tema h\u00eddrico, no solo para el desarrollo de la Argentina sino del ambiente, la producci\u00f3n y el comercio\u201d.&nbsp;<\/p>\n\n\n\n<p>Por \u00faltimo, Kicillof remarc\u00f3: \u201cEl Presidente debe hacerse cargo de que paralizar obras esenciales que mitigan los da\u00f1os ante desastres naturales es incumplir la ley y la propia Constituci\u00f3n Nacional\u201d. \u201cFrente a tanta crueldad, este 7 de septiembre tenemos la oportunidad de expresar que hasta ac\u00e1 llegaron las pol\u00edticas de ajuste de Javier Milei: juntemos fuerza para defender las obras, pero tambi\u00e9n a los trabajadores, a la producci\u00f3n, a las universidades y a los cient\u00edficos\u201d, concluy\u00f3.<\/p>\n\n\n\n<p>M\u00e1s tarde, el Gobernador particip\u00f3 del encuentro Semana Social 2025 junto al obispo de Mar del Plata, Ernesto Giobando. &nbsp;Organizada por la Comisi\u00f3n Episcopal de Pastoral Social, la jornada se propuso como un espacio de di\u00e1logo y reflexi\u00f3n bajo el lema \u201cLa Amistad Social como Sue\u00f1o y Camino. El legado de Francisco\u201d, donde adem\u00e1s se rindi\u00f3 homenaje al Papa.<\/p>\n\n\n\n<p>Estuvieron presentes la jefa de Asesores del Gobernador, Cristina \u00c1lvarez Rodr\u00edguez; los ministros de Trabajo, Walter Correa; y de H\u00e1bitat y Desarrollo Urbano, Silvina Batakis; la dirigenta Fernanda Raverta; la directora ejecutiva de OPISU, Romina Barrios; el presidente de la Comisi\u00f3n de Investigaciones Cient\u00edficas (CIC), Roberto Salvarezza; el presidente ejecutivo de Aguas Bonaerenses S.A., Hugo Obed, y su director, Jorge Paredi; la directora de la Organizaci\u00f3n Meteorol\u00f3gica Mundial, Celeste Saulo; funcionarios y funcionarias provinciales.<\/p>\n\n\n\n<p>Tambi\u00e9n participaron los intendentes de Almirante Brown, Mariano Cascallares; de Exaltaci\u00f3n de la Cruz, Diego Nanni; de Florencio Varela, Andr\u00e9s Watson; de Daireaux, Alejandro Acerbo; de Navarro, Facundo Diz; de Coronel Su\u00e1rez, Ricardo Moccero; de Coronel Rosales, Rodrigo Aristimu\u00f1o; de Tapalqu\u00e9, Gustavo Cocconi; de Carmen de Patagones, Ricardo Marino; de General Alvarado, Sebasti\u00e1n Ianantuony; de Ituzaing\u00f3, Pablo Descalzo; de Las Flores, Alberto Gelen\u00e9; de Mar Chiquita, Walter Wischnivetzky; de Ramallo, Mauro Poletti; de General Guido, Carlos Rocha; y de Pila, Sebasti\u00e1n Walker; el senador provincial Pablo Obeid; y el diputado provincial\u00a0Gustavo\u00a0Pulti.<\/p>\n\n\n\n<figure class=\"wp-block-image size-large is-resized\"><img decoding=\"async\" src=\"https:\/\/gba.gob.ar\/imagenes\/logo_gba_footer_blanco.svg\" alt=\"\" style=\"width:264px;height:auto\" \/><\/figure>\n\n\n","protected":false},"excerpt":{"rendered":"<p>Adem\u00e1s, el Gobernador particip\u00f3 del encuentro Semana Social 2025 que rindi\u00f3 homenaje al Papa Francisco. El gobernador de la provincia de Buenos Aires, Axel Kicillof, encabez\u00f3 este viernes el cierre del XXVIII Congreso Nacional del Agua (CONAGUA), un encuentro federal que busca promover la articulaci\u00f3n entre la gesti\u00f3n p\u00fablica y la academia para el dise\u00f1o [&hellip;]<\/p>\n","protected":false},"author":1,"featured_media":9861,"comment_status":"open","ping_status":"open","sticky":false,"template":"","format":"standard","meta":{"footnotes":""},"categories":[28],"tags":[],"class_list":["post-9859","post","type-post","status-publish","format-standard","has-post-thumbnail","hentry","category-portales-de-servicios-e-informacion"],"_links":{"self":[{"href":"https:\/\/argentinatermal.com.ar\/index.php?rest_route=\/wp\/v2\/posts\/9859","targetHints":{"allow":["GET"]}}],"collection":[{"href":"https:\/\/argentinatermal.com.ar\/index.php?rest_route=\/wp\/v2\/posts"}],"about":[{"href":"https:\/\/argentinatermal.com.ar\/index.php?rest_route=\/wp\/v2\/types\/post"}],"author":[{"embeddable":true,"href":"https:\/\/argentinatermal.com.ar\/index.php?rest_route=\/wp\/v2\/users\/1"}],"replies":[{"embeddable":true,"href":"https:\/\/argentinatermal.com.ar\/index.php?rest_route=%2Fwp%2Fv2%2Fcomments&post=9859"}],"version-history":[{"count":1,"href":"https:\/\/argentinatermal.com.ar\/index.php?rest_route=\/wp\/v2\/posts\/9859\/revisions"}],"predecessor-version":[{"id":9862,"href":"https:\/\/argentinatermal.com.ar\/index.php?rest_route=\/wp\/v2\/posts\/9859\/revisions\/9862"}],"wp:featuredmedia":[{"embeddable":true,"href":"https:\/\/argentinatermal.com.ar\/index.php?rest_route=\/wp\/v2\/media\/9861"}],"wp:attachment":[{"href":"https:\/\/argentinatermal.com.ar\/index.php?rest_route=%2Fwp%2Fv2%2Fmedia&parent=9859"}],"wp:term":[{"taxonomy":"category","embeddable":true,"href":"https:\/\/argentinatermal.com.ar\/index.php?rest_route=%2Fwp%2Fv2%2Fcategories&post=9859"},{"taxonomy":"post_tag","embeddable":true,"href":"https:\/\/argentinatermal.com.ar\/index.php?rest_route=%2Fwp%2Fv2%2Ftags&post=9859"}],"curies":[{"name":"wp","href":"https:\/\/api.w.org\/{rel}","templated":true}]}}